{"id":1113,"date":"2021-04-22T11:34:38","date_gmt":"2021-04-22T09:34:38","guid":{"rendered":"https:\/\/www.cristallinamarmo.ch\/lugano-ch\/"},"modified":"2022-09-30T11:49:31","modified_gmt":"2022-09-30T09:49:31","slug":"cristallina-marmor-feiert-75-jahre","status":"publish","type":"post","link":"https:\/\/www.cristallinamarmo.ch\/de\/cristallina-marmor-feiert-75-jahre\/","title":{"rendered":"Cristallina feiert 75 Jahre&#8230; mit vielen \u00dcberraschungen!"},"content":{"rendered":"<p><strong>1946<\/strong><\/p>\n<p>Im Jahr 1946 gr\u00fcndeten dott. Antonio Vedova (Zurich), dott. jur. Peter Halter (Luzern) und Andrea Hinnen (Luzern) die Cristallina SA. In diesem Jahr begann die Extraktion des einzigartigen und authentischen Schweizer Marmors Cristallina aus dem Steinbruch in Peccia 1200 Meter \u00fcber dem Meeresspiegel.\u00a0\u00a0Zun\u00e4chst wurde der Marmor am Fu\u00df der Felswand mit einem Presslufthammer abgebaut. Die Bl\u00f6cke wurden dann mit Keil und Hammer gespalten, durch Bohrl\u00f6cher mit abst\u00e4nden von ca. allen 15 cm.<\/p>\n<p><strong>1947<\/strong><\/p>\n<p>Ein Jahr sp\u00e4ter hat Cristallina SA spiralf\u00f6rmige Drahtschneidemaschinen eingef\u00fchrt. Dank dieser war es m\u00f6glich gr\u00f6\u00dfere Bl\u00f6cke direkt an der Felswand zu schneiden ohne sie zu besch\u00e4digen.<\/p>\n<p><strong>1980<\/strong><\/p>\n<p>Der Abbau der bis 1980 auf einer H\u00f6he von 1200 Metern \u00fcber dem Meeresspiegel stattfand, wurde dann auf 1400 Meter \u00fcber dem Meeresspiegel verlegt. Der Grund daf\u00fcr waren die immer h\u00f6her werdenden Abbauw\u00e4nde und die Lagerplatzprobleme durch den Abbau.<\/p>\n<p><strong>1987<\/strong><\/p>\n<p>Im Jahr 1987 wurden Diamantseils\u00e4gen eingef\u00fchrt. Diese noch heute angewandte Gewinnungsmethode erm\u00f6glichte eine gr\u00f6\u00dfere Flexibilit\u00e4t und eine geringere k\u00f6rperliche Anstrengung f\u00fcr die Arbeiter.<\/p>\n<p><strong>2007<\/strong><\/p>\n<p>Im Jahr 2007 wurde zum ersten Mal eine Kettens\u00e4ge eingesetzt, diese kann einen 3,5 Meter langen Schnitt machen und die Bl\u00f6cke direkt aus dem Felswand herausholen kann.<\/p>\n","protected":false},"excerpt":{"rendered":"<p>1946 Im Jahr 1946 gr\u00fcndeten dott. Antonio Vedova (Zurich), dott. jur. Peter Halter (Luzern) und Andrea Hinnen (Luzern) die Cristallina SA. In diesem Jahr begann die Extraktion des einzigartigen und authentischen Schweizer Marmors Cristallina aus dem Steinbruch in Peccia 1200&#8230;<\/p>\n","protected":false},"author":1,"featured_media":0,"comment_status":"closed","ping_status":"closed","sticky":false,"template":"","format":"standard","meta":{"footnotes":""},"categories":[5],"class_list":["post-1113","post","type-post","status-publish","format-standard","hentry","category-journal-de"],"yoast_head":"<!-- This site is optimized with the Yoast SEO plugin v21.2 - https:\/\/yoast.com\/wordpress\/plugins\/seo\/ -->\n<title>Cristallina feiert 75 Jahre... mit vielen \u00dcberraschungen! - Cristallina<\/title>\n<meta name=\"description\" content=\"Wir blicken zur\u00fcck auf die letzten 75 Jahre Cristallina-Marmor anl\u00e4sslich des 75-j\u00e4hrigen Jubil\u00e4ums von Cristallina SA.\" \/>\n<meta name=\"robots\" content=\"index, follow, max-snippet:-1, max-image-preview:large, max-video-preview:-1\" \/>\n<link rel=\"canonical\" href=\"https:\/\/www.cristallinamarmo.ch\/de\/cristallina-marmor-feiert-75-jahre\/\" \/>\n<meta property=\"og:locale\" content=\"de_DE\" \/>\n<meta property=\"og:type\" content=\"article\" \/>\n<meta property=\"og:title\" content=\"Cristallina feiert 75 Jahre... mit vielen \u00dcberraschungen! - Cristallina\" \/>\n<meta property=\"og:description\" content=\"Wir blicken zur\u00fcck auf die letzten 75 Jahre Cristallina-Marmor anl\u00e4sslich des 75-j\u00e4hrigen Jubil\u00e4ums von Cristallina SA.\" \/>\n<meta property=\"og:url\" content=\"https:\/\/www.cristallinamarmo.ch\/de\/cristallina-marmor-feiert-75-jahre\/\" \/>\n<meta property=\"og:site_name\" content=\"Cristallina\" \/>\n<meta property=\"article:publisher\" content=\"https:\/\/www.facebook.com\/cristallinamarmo\" \/>\n<meta property=\"article:published_time\" content=\"2021-04-22T09:34:38+00:00\" \/>\n<meta property=\"article:modified_time\" content=\"2022-09-30T09:49:31+00:00\" \/>\n<meta name=\"author\" content=\"neiko\" \/>\n<meta name=\"twitter:card\" content=\"summary_large_image\" \/>\n<meta name=\"twitter:label1\" content=\"Verfasst von\" \/>\n\t<meta name=\"twitter:data1\" content=\"neiko\" \/>\n\t<meta name=\"twitter:label2\" content=\"Gesch\u00e4tzte Lesezeit\" \/>\n\t<meta name=\"twitter:data2\" content=\"1\u00a0Minute\" \/>\n<script type=\"application\/ld+json\" class=\"yoast-schema-graph\">{\"@context\":\"https:\/\/schema.org\",\"@graph\":[{\"@type\":\"Article\",\"@id\":\"https:\/\/www.cristallinamarmo.ch\/de\/cristallina-marmor-feiert-75-jahre\/#article\",\"isPartOf\":{\"@id\":\"https:\/\/www.cristallinamarmo.ch\/de\/cristallina-marmor-feiert-75-jahre\/\"},\"author\":{\"name\":\"neiko\",\"@id\":\"https:\/\/www.cristallinamarmo.ch\/#\/schema\/person\/d038017335faed6a9477a8c22f1fe285\"},\"headline\":\"Cristallina feiert 75 Jahre&#8230; mit vielen \u00dcberraschungen!\",\"datePublished\":\"2021-04-22T09:34:38+00:00\",\"dateModified\":\"2022-09-30T09:49:31+00:00\",\"mainEntityOfPage\":{\"@id\":\"https:\/\/www.cristallinamarmo.ch\/de\/cristallina-marmor-feiert-75-jahre\/\"},\"wordCount\":210,\"publisher\":{\"@id\":\"https:\/\/www.cristallinamarmo.ch\/#organization\"},\"articleSection\":[\"Journal\"],\"inLanguage\":\"de\"},{\"@type\":\"WebPage\",\"@id\":\"https:\/\/www.cristallinamarmo.ch\/de\/cristallina-marmor-feiert-75-jahre\/\",\"url\":\"https:\/\/www.cristallinamarmo.ch\/de\/cristallina-marmor-feiert-75-jahre\/\",\"name\":\"Cristallina feiert 75 Jahre... mit vielen \u00dcberraschungen! - Cristallina\",\"isPartOf\":{\"@id\":\"https:\/\/www.cristallinamarmo.ch\/#website\"},\"datePublished\":\"2021-04-22T09:34:38+00:00\",\"dateModified\":\"2022-09-30T09:49:31+00:00\",\"description\":\"Wir blicken zur\u00fcck auf die letzten 75 Jahre Cristallina-Marmor anl\u00e4sslich des 75-j\u00e4hrigen Jubil\u00e4ums von Cristallina SA.\",\"breadcrumb\":{\"@id\":\"https:\/\/www.cristallinamarmo.ch\/de\/cristallina-marmor-feiert-75-jahre\/#breadcrumb\"},\"inLanguage\":\"de\",\"potentialAction\":[{\"@type\":\"ReadAction\",\"target\":[\"https:\/\/www.cristallinamarmo.ch\/de\/cristallina-marmor-feiert-75-jahre\/\"]}]},{\"@type\":\"BreadcrumbList\",\"@id\":\"https:\/\/www.cristallinamarmo.ch\/de\/cristallina-marmor-feiert-75-jahre\/#breadcrumb\",\"itemListElement\":[{\"@type\":\"ListItem\",\"position\":1,\"name\":\"Home\",\"item\":\"https:\/\/www.cristallinamarmo.ch\/de\/\"},{\"@type\":\"ListItem\",\"position\":2,\"name\":\"Cristallina feiert 75 Jahre&#8230; mit vielen \u00dcberraschungen!\"}]},{\"@type\":\"WebSite\",\"@id\":\"https:\/\/www.cristallinamarmo.ch\/#website\",\"url\":\"https:\/\/www.cristallinamarmo.ch\/\",\"name\":\"Cristallina\",\"description\":\"The Swiss Marble\",\"publisher\":{\"@id\":\"https:\/\/www.cristallinamarmo.ch\/#organization\"},\"potentialAction\":[{\"@type\":\"SearchAction\",\"target\":{\"@type\":\"EntryPoint\",\"urlTemplate\":\"https:\/\/www.cristallinamarmo.ch\/?s={search_term_string}\"},\"query-input\":\"required name=search_term_string\"}],\"inLanguage\":\"de\"},{\"@type\":\"Organization\",\"@id\":\"https:\/\/www.cristallinamarmo.ch\/#organization\",\"name\":\"Cristallina\",\"url\":\"https:\/\/www.cristallinamarmo.ch\/\",\"logo\":{\"@type\":\"ImageObject\",\"inLanguage\":\"de\",\"@id\":\"https:\/\/www.cristallinamarmo.ch\/#\/schema\/logo\/image\/\",\"url\":\"https:\/\/www.cristallinamarmo.ch\/wp-content\/uploads\/2021\/05\/logo.png\",\"contentUrl\":\"https:\/\/www.cristallinamarmo.ch\/wp-content\/uploads\/2021\/05\/logo.png\",\"width\":500,\"height\":127,\"caption\":\"Cristallina\"},\"image\":{\"@id\":\"https:\/\/www.cristallinamarmo.ch\/#\/schema\/logo\/image\/\"},\"sameAs\":[\"https:\/\/www.facebook.com\/cristallinamarmo\",\"https:\/\/www.instagram.com\/cristallina_marmo\/\",\"https:\/\/www.linkedin.com\/company\/cristallina-sa\"]},{\"@type\":\"Person\",\"@id\":\"https:\/\/www.cristallinamarmo.ch\/#\/schema\/person\/d038017335faed6a9477a8c22f1fe285\",\"name\":\"neiko\",\"image\":{\"@type\":\"ImageObject\",\"inLanguage\":\"de\",\"@id\":\"https:\/\/www.cristallinamarmo.ch\/#\/schema\/person\/image\/\",\"url\":\"https:\/\/secure.gravatar.com\/avatar\/c7744e9ccd9934002baf14b7b2142d59bae96b2fa84595b48aa9775efd3962d9?s=96&d=mm&r=g\",\"contentUrl\":\"https:\/\/secure.gravatar.com\/avatar\/c7744e9ccd9934002baf14b7b2142d59bae96b2fa84595b48aa9775efd3962d9?s=96&d=mm&r=g\",\"caption\":\"neiko\"},\"sameAs\":[\"https:\/\/www.cristallinamarmo.ch\"],\"url\":\"https:\/\/www.cristallinamarmo.ch\/de\/author\/neiko\/\"}]}<\/script>\n<!-- \/ Yoast SEO plugin. -->","yoast_head_json":{"title":"Cristallina feiert 75 Jahre... mit vielen \u00dcberraschungen! - Cristallina","description":"Wir blicken zur\u00fcck auf die letzten 75 Jahre Cristallina-Marmor anl\u00e4sslich des 75-j\u00e4hrigen Jubil\u00e4ums von Cristallina SA.","robots":{"index":"index","follow":"follow","max-snippet":"max-snippet:-1","max-image-preview":"max-image-preview:large","max-video-preview":"max-video-preview:-1"},"canonical":"https:\/\/www.cristallinamarmo.ch\/de\/cristallina-marmor-feiert-75-jahre\/","og_locale":"de_DE","og_type":"article","og_title":"Cristallina feiert 75 Jahre... mit vielen \u00dcberraschungen! - Cristallina","og_description":"Wir blicken zur\u00fcck auf die letzten 75 Jahre Cristallina-Marmor anl\u00e4sslich des 75-j\u00e4hrigen Jubil\u00e4ums von Cristallina SA.","og_url":"https:\/\/www.cristallinamarmo.ch\/de\/cristallina-marmor-feiert-75-jahre\/","og_site_name":"Cristallina","article_publisher":"https:\/\/www.facebook.com\/cristallinamarmo","article_published_time":"2021-04-22T09:34:38+00:00","article_modified_time":"2022-09-30T09:49:31+00:00","author":"neiko","twitter_card":"summary_large_image","twitter_misc":{"Verfasst von":"neiko","Gesch\u00e4tzte Lesezeit":"1\u00a0Minute"},"schema":{"@context":"https:\/\/schema.org","@graph":[{"@type":"Article","@id":"https:\/\/www.cristallinamarmo.ch\/de\/cristallina-marmor-feiert-75-jahre\/#article","isPartOf":{"@id":"https:\/\/www.cristallinamarmo.ch\/de\/cristallina-marmor-feiert-75-jahre\/"},"author":{"name":"neiko","@id":"https:\/\/www.cristallinamarmo.ch\/#\/schema\/person\/d038017335faed6a9477a8c22f1fe285"},"headline":"Cristallina feiert 75 Jahre&#8230; mit vielen \u00dcberraschungen!","datePublished":"2021-04-22T09:34:38+00:00","dateModified":"2022-09-30T09:49:31+00:00","mainEntityOfPage":{"@id":"https:\/\/www.cristallinamarmo.ch\/de\/cristallina-marmor-feiert-75-jahre\/"},"wordCount":210,"publisher":{"@id":"https:\/\/www.cristallinamarmo.ch\/#organization"},"articleSection":["Journal"],"inLanguage":"de"},{"@type":"WebPage","@id":"https:\/\/www.cristallinamarmo.ch\/de\/cristallina-marmor-feiert-75-jahre\/","url":"https:\/\/www.cristallinamarmo.ch\/de\/cristallina-marmor-feiert-75-jahre\/","name":"Cristallina feiert 75 Jahre... mit vielen \u00dcberraschungen! - Cristallina","isPartOf":{"@id":"https:\/\/www.cristallinamarmo.ch\/#website"},"datePublished":"2021-04-22T09:34:38+00:00","dateModified":"2022-09-30T09:49:31+00:00","description":"Wir blicken zur\u00fcck auf die letzten 75 Jahre Cristallina-Marmor anl\u00e4sslich des 75-j\u00e4hrigen Jubil\u00e4ums von Cristallina SA.","breadcrumb":{"@id":"https:\/\/www.cristallinamarmo.ch\/de\/cristallina-marmor-feiert-75-jahre\/#breadcrumb"},"inLanguage":"de","potentialAction":[{"@type":"ReadAction","target":["https:\/\/www.cristallinamarmo.ch\/de\/cristallina-marmor-feiert-75-jahre\/"]}]},{"@type":"BreadcrumbList","@id":"https:\/\/www.cristallinamarmo.ch\/de\/cristallina-marmor-feiert-75-jahre\/#breadcrumb","itemListElement":[{"@type":"ListItem","position":1,"name":"Home","item":"https:\/\/www.cristallinamarmo.ch\/de\/"},{"@type":"ListItem","position":2,"name":"Cristallina feiert 75 Jahre&#8230; mit vielen \u00dcberraschungen!"}]},{"@type":"WebSite","@id":"https:\/\/www.cristallinamarmo.ch\/#website","url":"https:\/\/www.cristallinamarmo.ch\/","name":"Cristallina","description":"The Swiss Marble","publisher":{"@id":"https:\/\/www.cristallinamarmo.ch\/#organization"},"potentialAction":[{"@type":"SearchAction","target":{"@type":"EntryPoint","urlTemplate":"https:\/\/www.cristallinamarmo.ch\/?s={search_term_string}"},"query-input":"required name=search_term_string"}],"inLanguage":"de"},{"@type":"Organization","@id":"https:\/\/www.cristallinamarmo.ch\/#organization","name":"Cristallina","url":"https:\/\/www.cristallinamarmo.ch\/","logo":{"@type":"ImageObject","inLanguage":"de","@id":"https:\/\/www.cristallinamarmo.ch\/#\/schema\/logo\/image\/","url":"https:\/\/www.cristallinamarmo.ch\/wp-content\/uploads\/2021\/05\/logo.png","contentUrl":"https:\/\/www.cristallinamarmo.ch\/wp-content\/uploads\/2021\/05\/logo.png","width":500,"height":127,"caption":"Cristallina"},"image":{"@id":"https:\/\/www.cristallinamarmo.ch\/#\/schema\/logo\/image\/"},"sameAs":["https:\/\/www.facebook.com\/cristallinamarmo","https:\/\/www.instagram.com\/cristallina_marmo\/","https:\/\/www.linkedin.com\/company\/cristallina-sa"]},{"@type":"Person","@id":"https:\/\/www.cristallinamarmo.ch\/#\/schema\/person\/d038017335faed6a9477a8c22f1fe285","name":"neiko","image":{"@type":"ImageObject","inLanguage":"de","@id":"https:\/\/www.cristallinamarmo.ch\/#\/schema\/person\/image\/","url":"https:\/\/secure.gravatar.com\/avatar\/c7744e9ccd9934002baf14b7b2142d59bae96b2fa84595b48aa9775efd3962d9?s=96&d=mm&r=g","contentUrl":"https:\/\/secure.gravatar.com\/avatar\/c7744e9ccd9934002baf14b7b2142d59bae96b2fa84595b48aa9775efd3962d9?s=96&d=mm&r=g","caption":"neiko"},"sameAs":["https:\/\/www.cristallinamarmo.ch"],"url":"https:\/\/www.cristallinamarmo.ch\/de\/author\/neiko\/"}]}},"_links":{"self":[{"href":"https:\/\/www.cristallinamarmo.ch\/de\/wp-json\/wp\/v2\/posts\/1113","targetHints":{"allow":["GET"]}}],"collection":[{"href":"https:\/\/www.cristallinamarmo.ch\/de\/wp-json\/wp\/v2\/posts"}],"about":[{"href":"https:\/\/www.cristallinamarmo.ch\/de\/wp-json\/wp\/v2\/types\/post"}],"author":[{"embeddable":true,"href":"https:\/\/www.cristallinamarmo.ch\/de\/wp-json\/wp\/v2\/users\/1"}],"replies":[{"embeddable":true,"href":"https:\/\/www.cristallinamarmo.ch\/de\/wp-json\/wp\/v2\/comments?post=1113"}],"version-history":[{"count":5,"href":"https:\/\/www.cristallinamarmo.ch\/de\/wp-json\/wp\/v2\/posts\/1113\/revisions"}],"predecessor-version":[{"id":2418,"href":"https:\/\/www.cristallinamarmo.ch\/de\/wp-json\/wp\/v2\/posts\/1113\/revisions\/2418"}],"wp:attachment":[{"href":"https:\/\/www.cristallinamarmo.ch\/de\/wp-json\/wp\/v2\/media?parent=1113"}],"wp:term":[{"taxonomy":"category","embeddable":true,"href":"https:\/\/www.cristallinamarmo.ch\/de\/wp-json\/wp\/v2\/categories?post=1113"}],"curies":[{"name":"wp","href":"https:\/\/api.w.org\/{rel}","templated":true}]}}