{"id":1835,"date":"2021-08-17T17:03:10","date_gmt":"2021-08-17T15:03:10","guid":{"rendered":"https:\/\/www.cristallinamarmo.ch\/guardiamo-verso-la-sostenibilita\/"},"modified":"2021-09-07T14:13:51","modified_gmt":"2021-09-07T12:13:51","slug":"guardiamo-verso-la-sostenibilita","status":"publish","type":"post","link":"https:\/\/www.cristallinamarmo.ch\/de\/guardiamo-verso-la-sostenibilita\/","title":{"rendered":"Wir blicken in Richtung Nachhaltigkeit"},"content":{"rendered":"<p>Im Steinbruch haben wir <strong>neue, teilweise elektrisch angetriebene Maschinen eingef\u00fchrt<\/strong>, die alle mit der neuesten Generation von Filtern ausgestattet sind.<\/p>\n<p>Um unsere Kunden zufrieden zu stellen und die Umweltbelastung zu reduzieren, verwenden wir in der Werkstatt numerisch gesteuerte Maschinen, die <strong>au\u00dfergew\u00f6hnliche Ergebnisse, geringen Energieverbrauch und weniger Materialabfall garantieren<\/strong>.<\/p>\n<p><strong>Durch das pr\u00e4zise Schneiden des Marmors wird das \u00fcbersch\u00fcssige Material leicht wiederverwendbar<\/strong>.<\/p>\n<p>Ein aktuelles und sehr interessantes Beispiel ist die <strong>Wiederverwendung von Cristallina-Marmor\u00fcbersch\u00fcssen<\/strong> aus der Produktion von Marmors\u00e4ulen (siehe Projekt <a href=\"https:\/\/www.cristallinamarmo.ch\/de\/progetto\/villa-privata-2\/\"><u>Privatvilla<\/u><\/a>) f\u00fcr die aktuelle Ausstellung des ber\u00fchmten mexikanischen K\u00fcnstlers <strong>Jose D\u00e0vila<\/strong> im Internationalen Skulpturenzentrum (CIS) in Peccia.<\/p>\n","protected":false},"excerpt":{"rendered":"<p>Im Steinbruch haben wir neue, teilweise elektrisch angetriebene Maschinen eingef\u00fchrt, die alle mit der neuesten Generation von Filtern ausgestattet sind. Um unsere Kunden zufrieden zu stellen und die Umweltbelastung zu reduzieren, verwenden wir in der Werkstatt numerisch gesteuerte Maschinen, die&#8230;<\/p>\n","protected":false},"author":2,"featured_media":0,"comment_status":"closed","ping_status":"closed","sticky":false,"template":"","format":"standard","meta":{"footnotes":""},"categories":[5],"class_list":["post-1835","post","type-post","status-publish","format-standard","hentry","category-journal-de"],"yoast_head":"<!-- This site is optimized with the Yoast SEO plugin v21.2 - https:\/\/yoast.com\/wordpress\/plugins\/seo\/ -->\n<title>Wir blicken in Richtung Nachhaltigkeit - Cristallina<\/title>\n<meta name=\"description\" content=\"Wir blicken in Richtung Nachhaltigkeit. Das \u00fcbersch\u00fcssige Material wird reduziert durch modernste Maschinen im Steinbruch und im Labor.\" \/>\n<meta name=\"robots\" content=\"index, follow, max-snippet:-1, max-image-preview:large, max-video-preview:-1\" \/>\n<link rel=\"canonical\" href=\"https:\/\/www.cristallinamarmo.ch\/de\/guardiamo-verso-la-sostenibilita\/\" \/>\n<meta property=\"og:locale\" content=\"de_DE\" \/>\n<meta property=\"og:type\" content=\"article\" \/>\n<meta property=\"og:title\" content=\"Wir blicken in Richtung Nachhaltigkeit - Cristallina\" \/>\n<meta property=\"og:description\" content=\"Wir blicken in Richtung Nachhaltigkeit. Das \u00fcbersch\u00fcssige Material wird reduziert durch modernste Maschinen im Steinbruch und im Labor.\" \/>\n<meta property=\"og:url\" content=\"https:\/\/www.cristallinamarmo.ch\/de\/guardiamo-verso-la-sostenibilita\/\" \/>\n<meta property=\"og:site_name\" content=\"Cristallina\" \/>\n<meta property=\"article:publisher\" content=\"https:\/\/www.facebook.com\/cristallinamarmo\" \/>\n<meta property=\"article:published_time\" content=\"2021-08-17T15:03:10+00:00\" \/>\n<meta property=\"article:modified_time\" content=\"2021-09-07T12:13:51+00:00\" \/>\n<meta name=\"author\" content=\"Cristallina Marmo\" \/>\n<meta name=\"twitter:card\" content=\"summary_large_image\" \/>\n<meta name=\"twitter:label1\" content=\"Verfasst von\" \/>\n\t<meta name=\"twitter:data1\" content=\"Cristallina Marmo\" \/>\n\t<meta name=\"twitter:label2\" content=\"Gesch\u00e4tzte Lesezeit\" \/>\n\t<meta name=\"twitter:data2\" content=\"1\u00a0Minute\" \/>\n<script type=\"application\/ld+json\" class=\"yoast-schema-graph\">{\"@context\":\"https:\/\/schema.org\",\"@graph\":[{\"@type\":\"Article\",\"@id\":\"https:\/\/www.cristallinamarmo.ch\/de\/guardiamo-verso-la-sostenibilita\/#article\",\"isPartOf\":{\"@id\":\"https:\/\/www.cristallinamarmo.ch\/de\/guardiamo-verso-la-sostenibilita\/\"},\"author\":{\"name\":\"Cristallina Marmo\",\"@id\":\"https:\/\/www.cristallinamarmo.ch\/#\/schema\/person\/e6b82b9f318793b59077161cd36b552d\"},\"headline\":\"Wir blicken in Richtung Nachhaltigkeit\",\"datePublished\":\"2021-08-17T15:03:10+00:00\",\"dateModified\":\"2021-09-07T12:13:51+00:00\",\"mainEntityOfPage\":{\"@id\":\"https:\/\/www.cristallinamarmo.ch\/de\/guardiamo-verso-la-sostenibilita\/\"},\"wordCount\":112,\"publisher\":{\"@id\":\"https:\/\/www.cristallinamarmo.ch\/#organization\"},\"articleSection\":[\"Journal\"],\"inLanguage\":\"de\"},{\"@type\":\"WebPage\",\"@id\":\"https:\/\/www.cristallinamarmo.ch\/de\/guardiamo-verso-la-sostenibilita\/\",\"url\":\"https:\/\/www.cristallinamarmo.ch\/de\/guardiamo-verso-la-sostenibilita\/\",\"name\":\"Wir blicken in Richtung Nachhaltigkeit - Cristallina\",\"isPartOf\":{\"@id\":\"https:\/\/www.cristallinamarmo.ch\/#website\"},\"datePublished\":\"2021-08-17T15:03:10+00:00\",\"dateModified\":\"2021-09-07T12:13:51+00:00\",\"description\":\"Wir blicken in Richtung Nachhaltigkeit. Das \u00fcbersch\u00fcssige Material wird reduziert durch modernste Maschinen im Steinbruch und im Labor.\",\"breadcrumb\":{\"@id\":\"https:\/\/www.cristallinamarmo.ch\/de\/guardiamo-verso-la-sostenibilita\/#breadcrumb\"},\"inLanguage\":\"de\",\"potentialAction\":[{\"@type\":\"ReadAction\",\"target\":[\"https:\/\/www.cristallinamarmo.ch\/de\/guardiamo-verso-la-sostenibilita\/\"]}]},{\"@type\":\"BreadcrumbList\",\"@id\":\"https:\/\/www.cristallinamarmo.ch\/de\/guardiamo-verso-la-sostenibilita\/#breadcrumb\",\"itemListElement\":[{\"@type\":\"ListItem\",\"position\":1,\"name\":\"Home\",\"item\":\"https:\/\/www.cristallinamarmo.ch\/de\/\"},{\"@type\":\"ListItem\",\"position\":2,\"name\":\"Wir blicken in Richtung Nachhaltigkeit\"}]},{\"@type\":\"WebSite\",\"@id\":\"https:\/\/www.cristallinamarmo.ch\/#website\",\"url\":\"https:\/\/www.cristallinamarmo.ch\/\",\"name\":\"Cristallina\",\"description\":\"The Swiss Marble\",\"publisher\":{\"@id\":\"https:\/\/www.cristallinamarmo.ch\/#organization\"},\"potentialAction\":[{\"@type\":\"SearchAction\",\"target\":{\"@type\":\"EntryPoint\",\"urlTemplate\":\"https:\/\/www.cristallinamarmo.ch\/?s={search_term_string}\"},\"query-input\":\"required name=search_term_string\"}],\"inLanguage\":\"de\"},{\"@type\":\"Organization\",\"@id\":\"https:\/\/www.cristallinamarmo.ch\/#organization\",\"name\":\"Cristallina\",\"url\":\"https:\/\/www.cristallinamarmo.ch\/\",\"logo\":{\"@type\":\"ImageObject\",\"inLanguage\":\"de\",\"@id\":\"https:\/\/www.cristallinamarmo.ch\/#\/schema\/logo\/image\/\",\"url\":\"https:\/\/www.cristallinamarmo.ch\/wp-content\/uploads\/2021\/05\/logo.png\",\"contentUrl\":\"https:\/\/www.cristallinamarmo.ch\/wp-content\/uploads\/2021\/05\/logo.png\",\"width\":500,\"height\":127,\"caption\":\"Cristallina\"},\"image\":{\"@id\":\"https:\/\/www.cristallinamarmo.ch\/#\/schema\/logo\/image\/\"},\"sameAs\":[\"https:\/\/www.facebook.com\/cristallinamarmo\",\"https:\/\/www.instagram.com\/cristallina_marmo\/\",\"https:\/\/www.linkedin.com\/company\/cristallina-sa\"]},{\"@type\":\"Person\",\"@id\":\"https:\/\/www.cristallinamarmo.ch\/#\/schema\/person\/e6b82b9f318793b59077161cd36b552d\",\"name\":\"Cristallina Marmo\",\"image\":{\"@type\":\"ImageObject\",\"inLanguage\":\"de\",\"@id\":\"https:\/\/www.cristallinamarmo.ch\/#\/schema\/person\/image\/\",\"url\":\"https:\/\/secure.gravatar.com\/avatar\/09b1a94c32e1afee933104d1a87225466e99e63ee54e1940c201176642e60c34?s=96&d=mm&r=g\",\"contentUrl\":\"https:\/\/secure.gravatar.com\/avatar\/09b1a94c32e1afee933104d1a87225466e99e63ee54e1940c201176642e60c34?s=96&d=mm&r=g\",\"caption\":\"Cristallina Marmo\"},\"sameAs\":[\"https:\/\/www.instagram.com\/cristallinamarmo.ch\/\",\"https:\/\/www.linkedin.com\/company\/cristallinamarmo\/?viewAsMember=true\"],\"url\":\"https:\/\/www.cristallinamarmo.ch\/de\/author\/cristallina\/\"}]}<\/script>\n<!-- \/ Yoast SEO plugin. -->","yoast_head_json":{"title":"Wir blicken in Richtung Nachhaltigkeit - Cristallina","description":"Wir blicken in Richtung Nachhaltigkeit. Das \u00fcbersch\u00fcssige Material wird reduziert durch modernste Maschinen im Steinbruch und im Labor.","robots":{"index":"index","follow":"follow","max-snippet":"max-snippet:-1","max-image-preview":"max-image-preview:large","max-video-preview":"max-video-preview:-1"},"canonical":"https:\/\/www.cristallinamarmo.ch\/de\/guardiamo-verso-la-sostenibilita\/","og_locale":"de_DE","og_type":"article","og_title":"Wir blicken in Richtung Nachhaltigkeit - Cristallina","og_description":"Wir blicken in Richtung Nachhaltigkeit. Das \u00fcbersch\u00fcssige Material wird reduziert durch modernste Maschinen im Steinbruch und im Labor.","og_url":"https:\/\/www.cristallinamarmo.ch\/de\/guardiamo-verso-la-sostenibilita\/","og_site_name":"Cristallina","article_publisher":"https:\/\/www.facebook.com\/cristallinamarmo","article_published_time":"2021-08-17T15:03:10+00:00","article_modified_time":"2021-09-07T12:13:51+00:00","author":"Cristallina Marmo","twitter_card":"summary_large_image","twitter_misc":{"Verfasst von":"Cristallina Marmo","Gesch\u00e4tzte Lesezeit":"1\u00a0Minute"},"schema":{"@context":"https:\/\/schema.org","@graph":[{"@type":"Article","@id":"https:\/\/www.cristallinamarmo.ch\/de\/guardiamo-verso-la-sostenibilita\/#article","isPartOf":{"@id":"https:\/\/www.cristallinamarmo.ch\/de\/guardiamo-verso-la-sostenibilita\/"},"author":{"name":"Cristallina Marmo","@id":"https:\/\/www.cristallinamarmo.ch\/#\/schema\/person\/e6b82b9f318793b59077161cd36b552d"},"headline":"Wir blicken in Richtung Nachhaltigkeit","datePublished":"2021-08-17T15:03:10+00:00","dateModified":"2021-09-07T12:13:51+00:00","mainEntityOfPage":{"@id":"https:\/\/www.cristallinamarmo.ch\/de\/guardiamo-verso-la-sostenibilita\/"},"wordCount":112,"publisher":{"@id":"https:\/\/www.cristallinamarmo.ch\/#organization"},"articleSection":["Journal"],"inLanguage":"de"},{"@type":"WebPage","@id":"https:\/\/www.cristallinamarmo.ch\/de\/guardiamo-verso-la-sostenibilita\/","url":"https:\/\/www.cristallinamarmo.ch\/de\/guardiamo-verso-la-sostenibilita\/","name":"Wir blicken in Richtung Nachhaltigkeit - Cristallina","isPartOf":{"@id":"https:\/\/www.cristallinamarmo.ch\/#website"},"datePublished":"2021-08-17T15:03:10+00:00","dateModified":"2021-09-07T12:13:51+00:00","description":"Wir blicken in Richtung Nachhaltigkeit. Das \u00fcbersch\u00fcssige Material wird reduziert durch modernste Maschinen im Steinbruch und im Labor.","breadcrumb":{"@id":"https:\/\/www.cristallinamarmo.ch\/de\/guardiamo-verso-la-sostenibilita\/#breadcrumb"},"inLanguage":"de","potentialAction":[{"@type":"ReadAction","target":["https:\/\/www.cristallinamarmo.ch\/de\/guardiamo-verso-la-sostenibilita\/"]}]},{"@type":"BreadcrumbList","@id":"https:\/\/www.cristallinamarmo.ch\/de\/guardiamo-verso-la-sostenibilita\/#breadcrumb","itemListElement":[{"@type":"ListItem","position":1,"name":"Home","item":"https:\/\/www.cristallinamarmo.ch\/de\/"},{"@type":"ListItem","position":2,"name":"Wir blicken in Richtung Nachhaltigkeit"}]},{"@type":"WebSite","@id":"https:\/\/www.cristallinamarmo.ch\/#website","url":"https:\/\/www.cristallinamarmo.ch\/","name":"Cristallina","description":"The Swiss Marble","publisher":{"@id":"https:\/\/www.cristallinamarmo.ch\/#organization"},"potentialAction":[{"@type":"SearchAction","target":{"@type":"EntryPoint","urlTemplate":"https:\/\/www.cristallinamarmo.ch\/?s={search_term_string}"},"query-input":"required name=search_term_string"}],"inLanguage":"de"},{"@type":"Organization","@id":"https:\/\/www.cristallinamarmo.ch\/#organization","name":"Cristallina","url":"https:\/\/www.cristallinamarmo.ch\/","logo":{"@type":"ImageObject","inLanguage":"de","@id":"https:\/\/www.cristallinamarmo.ch\/#\/schema\/logo\/image\/","url":"https:\/\/www.cristallinamarmo.ch\/wp-content\/uploads\/2021\/05\/logo.png","contentUrl":"https:\/\/www.cristallinamarmo.ch\/wp-content\/uploads\/2021\/05\/logo.png","width":500,"height":127,"caption":"Cristallina"},"image":{"@id":"https:\/\/www.cristallinamarmo.ch\/#\/schema\/logo\/image\/"},"sameAs":["https:\/\/www.facebook.com\/cristallinamarmo","https:\/\/www.instagram.com\/cristallina_marmo\/","https:\/\/www.linkedin.com\/company\/cristallina-sa"]},{"@type":"Person","@id":"https:\/\/www.cristallinamarmo.ch\/#\/schema\/person\/e6b82b9f318793b59077161cd36b552d","name":"Cristallina Marmo","image":{"@type":"ImageObject","inLanguage":"de","@id":"https:\/\/www.cristallinamarmo.ch\/#\/schema\/person\/image\/","url":"https:\/\/secure.gravatar.com\/avatar\/09b1a94c32e1afee933104d1a87225466e99e63ee54e1940c201176642e60c34?s=96&d=mm&r=g","contentUrl":"https:\/\/secure.gravatar.com\/avatar\/09b1a94c32e1afee933104d1a87225466e99e63ee54e1940c201176642e60c34?s=96&d=mm&r=g","caption":"Cristallina Marmo"},"sameAs":["https:\/\/www.instagram.com\/cristallinamarmo.ch\/","https:\/\/www.linkedin.com\/company\/cristallinamarmo\/?viewAsMember=true"],"url":"https:\/\/www.cristallinamarmo.ch\/de\/author\/cristallina\/"}]}},"_links":{"self":[{"href":"https:\/\/www.cristallinamarmo.ch\/de\/wp-json\/wp\/v2\/posts\/1835","targetHints":{"allow":["GET"]}}],"collection":[{"href":"https:\/\/www.cristallinamarmo.ch\/de\/wp-json\/wp\/v2\/posts"}],"about":[{"href":"https:\/\/www.cristallinamarmo.ch\/de\/wp-json\/wp\/v2\/types\/post"}],"author":[{"embeddable":true,"href":"https:\/\/www.cristallinamarmo.ch\/de\/wp-json\/wp\/v2\/users\/2"}],"replies":[{"embeddable":true,"href":"https:\/\/www.cristallinamarmo.ch\/de\/wp-json\/wp\/v2\/comments?post=1835"}],"version-history":[{"count":2,"href":"https:\/\/www.cristallinamarmo.ch\/de\/wp-json\/wp\/v2\/posts\/1835\/revisions"}],"predecessor-version":[{"id":1841,"href":"https:\/\/www.cristallinamarmo.ch\/de\/wp-json\/wp\/v2\/posts\/1835\/revisions\/1841"}],"wp:attachment":[{"href":"https:\/\/www.cristallinamarmo.ch\/de\/wp-json\/wp\/v2\/media?parent=1835"}],"wp:term":[{"taxonomy":"category","embeddable":true,"href":"https:\/\/www.cristallinamarmo.ch\/de\/wp-json\/wp\/v2\/categories?post=1835"}],"curies":[{"name":"wp","href":"https:\/\/api.w.org\/{rel}","templated":true}]}}