{"id":2405,"date":"2022-09-20T15:17:26","date_gmt":"2022-09-20T13:17:26","guid":{"rendered":"https:\/\/www.cristallinamarmo.ch\/giardini-zen-e-arte-nel-verde\/"},"modified":"2022-09-21T08:01:01","modified_gmt":"2022-09-21T06:01:01","slug":"giardini-zen-e-arte-nel-verde","status":"publish","type":"post","link":"https:\/\/www.cristallinamarmo.ch\/de\/giardini-zen-e-arte-nel-verde\/","title":{"rendered":"Zen-G\u00e4rten und Kunst im Gr\u00fcnen"},"content":{"rendered":"<h3><strong>Calcestre und Granulate aus Cristallina-Marmor<\/strong><\/h3>\n<p>Neben den klassischen Platten f\u00fcr B\u00f6den in verschiedenen Gr\u00f6ssen und Arten wird Marmor auch in Form von Granulaten und Calcestre verlegt.<\/p>\n<p>&nbsp;<\/p>\n<h4><strong>Marmor Calcestre<\/strong><\/h4>\n<p>Der Cristallina Marmor Calcestre ist die ideale Wahl f\u00fcr <strong>die Gestaltung umweltfreundlicher Fuss- und Radwege<\/strong>. Im Vergleich zu Granulaten hat Calcestre eine <strong>viel feinere Korngr\u00f6sse (0-20 mm)<\/strong>.<\/p>\n<p>Klicken Sie <em><strong><a href=\"https:\/\/www.granitomarmo-outlet.ch\/de\/products\/granulati-di-marmo-cristallina-0-20-mm?_pos=3&amp;_fid=3602b1570&amp;_ss=c\" target=\"_blank\" rel=\"noopener\">HIER<\/a><\/strong><\/em>, um das Produkt zu entdecken.<\/p>\n<h4><\/h4>\n<h4><strong>Marmorgranulat<\/strong><\/h4>\n<p>Cristallina-Marmorgranulat eignet sich hingegen f\u00fcr die Gestaltung von <strong>Einfahrten, Kreisverkehren und G\u00e4rten<\/strong> sowie f\u00fcr <strong>Pflasterungen<\/strong>. Tats\u00e4chlich wird er oft f\u00fcr die Gestaltung <strong>der beliebten Zen-G\u00e4rten<\/strong> gew\u00e4hlt.<\/p>\n<p>Im Folgenden sind die beiden verf\u00fcgbaren Granulatarten aufgef\u00fchrt:<br \/>\n<a href=\"https:\/\/www.granitomarmo-outlet.ch\/de\/products\/granulati-di-marmo-cristallina-16-32-mm?_pos=2&amp;_fid=3602b1570&amp;_ss=c\" target=\"_blank\" rel=\"noopener\"><em><strong>Marmorgranulat 16-32 mm<\/strong><\/em><\/a> | <a href=\"https:\/\/www.granitomarmo-outlet.ch\/de\/products\/granulati-di-marmo-cristallina-misto-32-64-mm-in-big-bag?_pos=1&amp;_fid=3602b1570&amp;_ss=c\" target=\"_blank\" rel=\"noopener\"><strong><em>Marmorgranulat 32-64 mm<\/em><\/strong><\/a><\/p>\n","protected":false},"excerpt":{"rendered":"<p>Calcestre und Granulate aus Cristallina-Marmor Neben den klassischen Platten f\u00fcr B\u00f6den in verschiedenen Gr\u00f6ssen und Arten wird Marmor auch in Form von Granulaten und Calcestre verlegt. &nbsp; Marmor Calcestre Der Cristallina Marmor Calcestre ist die ideale Wahl f\u00fcr die Gestaltung&#8230;<\/p>\n","protected":false},"author":2,"featured_media":0,"comment_status":"closed","ping_status":"closed","sticky":false,"template":"","format":"standard","meta":{"footnotes":""},"categories":[1],"class_list":["post-2405","post","type-post","status-publish","format-standard","hentry","category-journal"],"yoast_head":"<!-- This site is optimized with the Yoast SEO plugin v21.2 - https:\/\/yoast.com\/wordpress\/plugins\/seo\/ -->\n<title>Zen-G\u00e4rten und Kunst im Gr\u00fcnen - Cristallina<\/title>\n<meta name=\"robots\" content=\"index, follow, max-snippet:-1, max-image-preview:large, max-video-preview:-1\" \/>\n<link rel=\"canonical\" href=\"https:\/\/www.cristallinamarmo.ch\/de\/giardini-zen-e-arte-nel-verde\/\" \/>\n<meta property=\"og:locale\" content=\"de_DE\" \/>\n<meta property=\"og:type\" content=\"article\" \/>\n<meta property=\"og:title\" content=\"Zen-G\u00e4rten und Kunst im Gr\u00fcnen - Cristallina\" \/>\n<meta property=\"og:description\" content=\"Calcestre und Granulate aus Cristallina-Marmor Neben den klassischen Platten f\u00fcr B\u00f6den in verschiedenen Gr\u00f6ssen und Arten wird Marmor auch in Form von Granulaten und Calcestre verlegt. &nbsp; Marmor Calcestre Der Cristallina Marmor Calcestre ist die ideale Wahl f\u00fcr die Gestaltung...\" \/>\n<meta property=\"og:url\" content=\"https:\/\/www.cristallinamarmo.ch\/de\/giardini-zen-e-arte-nel-verde\/\" \/>\n<meta property=\"og:site_name\" content=\"Cristallina\" \/>\n<meta property=\"article:publisher\" content=\"https:\/\/www.facebook.com\/cristallinamarmo\" \/>\n<meta property=\"article:published_time\" content=\"2022-09-20T13:17:26+00:00\" \/>\n<meta property=\"article:modified_time\" content=\"2022-09-21T06:01:01+00:00\" \/>\n<meta name=\"author\" content=\"Cristallina Marmo\" \/>\n<meta name=\"twitter:card\" content=\"summary_large_image\" \/>\n<meta name=\"twitter:label1\" content=\"Verfasst von\" \/>\n\t<meta name=\"twitter:data1\" content=\"Cristallina Marmo\" \/>\n\t<meta name=\"twitter:label2\" content=\"Gesch\u00e4tzte Lesezeit\" \/>\n\t<meta name=\"twitter:data2\" content=\"1\u00a0Minute\" \/>\n<script type=\"application\/ld+json\" class=\"yoast-schema-graph\">{\"@context\":\"https:\/\/schema.org\",\"@graph\":[{\"@type\":\"Article\",\"@id\":\"https:\/\/www.cristallinamarmo.ch\/de\/giardini-zen-e-arte-nel-verde\/#article\",\"isPartOf\":{\"@id\":\"https:\/\/www.cristallinamarmo.ch\/de\/giardini-zen-e-arte-nel-verde\/\"},\"author\":{\"name\":\"Cristallina Marmo\",\"@id\":\"https:\/\/www.cristallinamarmo.ch\/#\/schema\/person\/e6b82b9f318793b59077161cd36b552d\"},\"headline\":\"Zen-G\u00e4rten und Kunst im Gr\u00fcnen\",\"datePublished\":\"2022-09-20T13:17:26+00:00\",\"dateModified\":\"2022-09-21T06:01:01+00:00\",\"mainEntityOfPage\":{\"@id\":\"https:\/\/www.cristallinamarmo.ch\/de\/giardini-zen-e-arte-nel-verde\/\"},\"wordCount\":126,\"publisher\":{\"@id\":\"https:\/\/www.cristallinamarmo.ch\/#organization\"},\"articleSection\":[\"Journal\"],\"inLanguage\":\"de\"},{\"@type\":\"WebPage\",\"@id\":\"https:\/\/www.cristallinamarmo.ch\/de\/giardini-zen-e-arte-nel-verde\/\",\"url\":\"https:\/\/www.cristallinamarmo.ch\/de\/giardini-zen-e-arte-nel-verde\/\",\"name\":\"Zen-G\u00e4rten und Kunst im Gr\u00fcnen - Cristallina\",\"isPartOf\":{\"@id\":\"https:\/\/www.cristallinamarmo.ch\/#website\"},\"datePublished\":\"2022-09-20T13:17:26+00:00\",\"dateModified\":\"2022-09-21T06:01:01+00:00\",\"breadcrumb\":{\"@id\":\"https:\/\/www.cristallinamarmo.ch\/de\/giardini-zen-e-arte-nel-verde\/#breadcrumb\"},\"inLanguage\":\"de\",\"potentialAction\":[{\"@type\":\"ReadAction\",\"target\":[\"https:\/\/www.cristallinamarmo.ch\/de\/giardini-zen-e-arte-nel-verde\/\"]}]},{\"@type\":\"BreadcrumbList\",\"@id\":\"https:\/\/www.cristallinamarmo.ch\/de\/giardini-zen-e-arte-nel-verde\/#breadcrumb\",\"itemListElement\":[{\"@type\":\"ListItem\",\"position\":1,\"name\":\"Home\",\"item\":\"https:\/\/www.cristallinamarmo.ch\/de\/\"},{\"@type\":\"ListItem\",\"position\":2,\"name\":\"Zen-G\u00e4rten und Kunst im Gr\u00fcnen\"}]},{\"@type\":\"WebSite\",\"@id\":\"https:\/\/www.cristallinamarmo.ch\/#website\",\"url\":\"https:\/\/www.cristallinamarmo.ch\/\",\"name\":\"Cristallina\",\"description\":\"The Swiss Marble\",\"publisher\":{\"@id\":\"https:\/\/www.cristallinamarmo.ch\/#organization\"},\"potentialAction\":[{\"@type\":\"SearchAction\",\"target\":{\"@type\":\"EntryPoint\",\"urlTemplate\":\"https:\/\/www.cristallinamarmo.ch\/?s={search_term_string}\"},\"query-input\":\"required name=search_term_string\"}],\"inLanguage\":\"de\"},{\"@type\":\"Organization\",\"@id\":\"https:\/\/www.cristallinamarmo.ch\/#organization\",\"name\":\"Cristallina\",\"url\":\"https:\/\/www.cristallinamarmo.ch\/\",\"logo\":{\"@type\":\"ImageObject\",\"inLanguage\":\"de\",\"@id\":\"https:\/\/www.cristallinamarmo.ch\/#\/schema\/logo\/image\/\",\"url\":\"https:\/\/www.cristallinamarmo.ch\/wp-content\/uploads\/2021\/05\/logo.png\",\"contentUrl\":\"https:\/\/www.cristallinamarmo.ch\/wp-content\/uploads\/2021\/05\/logo.png\",\"width\":500,\"height\":127,\"caption\":\"Cristallina\"},\"image\":{\"@id\":\"https:\/\/www.cristallinamarmo.ch\/#\/schema\/logo\/image\/\"},\"sameAs\":[\"https:\/\/www.facebook.com\/cristallinamarmo\",\"https:\/\/www.instagram.com\/cristallina_marmo\/\",\"https:\/\/www.linkedin.com\/company\/cristallina-sa\"]},{\"@type\":\"Person\",\"@id\":\"https:\/\/www.cristallinamarmo.ch\/#\/schema\/person\/e6b82b9f318793b59077161cd36b552d\",\"name\":\"Cristallina Marmo\",\"image\":{\"@type\":\"ImageObject\",\"inLanguage\":\"de\",\"@id\":\"https:\/\/www.cristallinamarmo.ch\/#\/schema\/person\/image\/\",\"url\":\"https:\/\/secure.gravatar.com\/avatar\/09b1a94c32e1afee933104d1a87225466e99e63ee54e1940c201176642e60c34?s=96&d=mm&r=g\",\"contentUrl\":\"https:\/\/secure.gravatar.com\/avatar\/09b1a94c32e1afee933104d1a87225466e99e63ee54e1940c201176642e60c34?s=96&d=mm&r=g\",\"caption\":\"Cristallina Marmo\"},\"sameAs\":[\"https:\/\/www.instagram.com\/cristallinamarmo.ch\/\",\"https:\/\/www.linkedin.com\/company\/cristallinamarmo\/?viewAsMember=true\"],\"url\":\"https:\/\/www.cristallinamarmo.ch\/de\/author\/cristallina\/\"}]}<\/script>\n<!-- \/ Yoast SEO plugin. -->","yoast_head_json":{"title":"Zen-G\u00e4rten und Kunst im Gr\u00fcnen - Cristallina","robots":{"index":"index","follow":"follow","max-snippet":"max-snippet:-1","max-image-preview":"max-image-preview:large","max-video-preview":"max-video-preview:-1"},"canonical":"https:\/\/www.cristallinamarmo.ch\/de\/giardini-zen-e-arte-nel-verde\/","og_locale":"de_DE","og_type":"article","og_title":"Zen-G\u00e4rten und Kunst im Gr\u00fcnen - Cristallina","og_description":"Calcestre und Granulate aus Cristallina-Marmor Neben den klassischen Platten f\u00fcr B\u00f6den in verschiedenen Gr\u00f6ssen und Arten wird Marmor auch in Form von Granulaten und Calcestre verlegt. &nbsp; Marmor Calcestre Der Cristallina Marmor Calcestre ist die ideale Wahl f\u00fcr die Gestaltung...","og_url":"https:\/\/www.cristallinamarmo.ch\/de\/giardini-zen-e-arte-nel-verde\/","og_site_name":"Cristallina","article_publisher":"https:\/\/www.facebook.com\/cristallinamarmo","article_published_time":"2022-09-20T13:17:26+00:00","article_modified_time":"2022-09-21T06:01:01+00:00","author":"Cristallina Marmo","twitter_card":"summary_large_image","twitter_misc":{"Verfasst von":"Cristallina Marmo","Gesch\u00e4tzte Lesezeit":"1\u00a0Minute"},"schema":{"@context":"https:\/\/schema.org","@graph":[{"@type":"Article","@id":"https:\/\/www.cristallinamarmo.ch\/de\/giardini-zen-e-arte-nel-verde\/#article","isPartOf":{"@id":"https:\/\/www.cristallinamarmo.ch\/de\/giardini-zen-e-arte-nel-verde\/"},"author":{"name":"Cristallina Marmo","@id":"https:\/\/www.cristallinamarmo.ch\/#\/schema\/person\/e6b82b9f318793b59077161cd36b552d"},"headline":"Zen-G\u00e4rten und Kunst im Gr\u00fcnen","datePublished":"2022-09-20T13:17:26+00:00","dateModified":"2022-09-21T06:01:01+00:00","mainEntityOfPage":{"@id":"https:\/\/www.cristallinamarmo.ch\/de\/giardini-zen-e-arte-nel-verde\/"},"wordCount":126,"publisher":{"@id":"https:\/\/www.cristallinamarmo.ch\/#organization"},"articleSection":["Journal"],"inLanguage":"de"},{"@type":"WebPage","@id":"https:\/\/www.cristallinamarmo.ch\/de\/giardini-zen-e-arte-nel-verde\/","url":"https:\/\/www.cristallinamarmo.ch\/de\/giardini-zen-e-arte-nel-verde\/","name":"Zen-G\u00e4rten und Kunst im Gr\u00fcnen - Cristallina","isPartOf":{"@id":"https:\/\/www.cristallinamarmo.ch\/#website"},"datePublished":"2022-09-20T13:17:26+00:00","dateModified":"2022-09-21T06:01:01+00:00","breadcrumb":{"@id":"https:\/\/www.cristallinamarmo.ch\/de\/giardini-zen-e-arte-nel-verde\/#breadcrumb"},"inLanguage":"de","potentialAction":[{"@type":"ReadAction","target":["https:\/\/www.cristallinamarmo.ch\/de\/giardini-zen-e-arte-nel-verde\/"]}]},{"@type":"BreadcrumbList","@id":"https:\/\/www.cristallinamarmo.ch\/de\/giardini-zen-e-arte-nel-verde\/#breadcrumb","itemListElement":[{"@type":"ListItem","position":1,"name":"Home","item":"https:\/\/www.cristallinamarmo.ch\/de\/"},{"@type":"ListItem","position":2,"name":"Zen-G\u00e4rten und Kunst im Gr\u00fcnen"}]},{"@type":"WebSite","@id":"https:\/\/www.cristallinamarmo.ch\/#website","url":"https:\/\/www.cristallinamarmo.ch\/","name":"Cristallina","description":"The Swiss Marble","publisher":{"@id":"https:\/\/www.cristallinamarmo.ch\/#organization"},"potentialAction":[{"@type":"SearchAction","target":{"@type":"EntryPoint","urlTemplate":"https:\/\/www.cristallinamarmo.ch\/?s={search_term_string}"},"query-input":"required name=search_term_string"}],"inLanguage":"de"},{"@type":"Organization","@id":"https:\/\/www.cristallinamarmo.ch\/#organization","name":"Cristallina","url":"https:\/\/www.cristallinamarmo.ch\/","logo":{"@type":"ImageObject","inLanguage":"de","@id":"https:\/\/www.cristallinamarmo.ch\/#\/schema\/logo\/image\/","url":"https:\/\/www.cristallinamarmo.ch\/wp-content\/uploads\/2021\/05\/logo.png","contentUrl":"https:\/\/www.cristallinamarmo.ch\/wp-content\/uploads\/2021\/05\/logo.png","width":500,"height":127,"caption":"Cristallina"},"image":{"@id":"https:\/\/www.cristallinamarmo.ch\/#\/schema\/logo\/image\/"},"sameAs":["https:\/\/www.facebook.com\/cristallinamarmo","https:\/\/www.instagram.com\/cristallina_marmo\/","https:\/\/www.linkedin.com\/company\/cristallina-sa"]},{"@type":"Person","@id":"https:\/\/www.cristallinamarmo.ch\/#\/schema\/person\/e6b82b9f318793b59077161cd36b552d","name":"Cristallina Marmo","image":{"@type":"ImageObject","inLanguage":"de","@id":"https:\/\/www.cristallinamarmo.ch\/#\/schema\/person\/image\/","url":"https:\/\/secure.gravatar.com\/avatar\/09b1a94c32e1afee933104d1a87225466e99e63ee54e1940c201176642e60c34?s=96&d=mm&r=g","contentUrl":"https:\/\/secure.gravatar.com\/avatar\/09b1a94c32e1afee933104d1a87225466e99e63ee54e1940c201176642e60c34?s=96&d=mm&r=g","caption":"Cristallina Marmo"},"sameAs":["https:\/\/www.instagram.com\/cristallinamarmo.ch\/","https:\/\/www.linkedin.com\/company\/cristallinamarmo\/?viewAsMember=true"],"url":"https:\/\/www.cristallinamarmo.ch\/de\/author\/cristallina\/"}]}},"_links":{"self":[{"href":"https:\/\/www.cristallinamarmo.ch\/de\/wp-json\/wp\/v2\/posts\/2405","targetHints":{"allow":["GET"]}}],"collection":[{"href":"https:\/\/www.cristallinamarmo.ch\/de\/wp-json\/wp\/v2\/posts"}],"about":[{"href":"https:\/\/www.cristallinamarmo.ch\/de\/wp-json\/wp\/v2\/types\/post"}],"author":[{"embeddable":true,"href":"https:\/\/www.cristallinamarmo.ch\/de\/wp-json\/wp\/v2\/users\/2"}],"replies":[{"embeddable":true,"href":"https:\/\/www.cristallinamarmo.ch\/de\/wp-json\/wp\/v2\/comments?post=2405"}],"version-history":[{"count":4,"href":"https:\/\/www.cristallinamarmo.ch\/de\/wp-json\/wp\/v2\/posts\/2405\/revisions"}],"predecessor-version":[{"id":2410,"href":"https:\/\/www.cristallinamarmo.ch\/de\/wp-json\/wp\/v2\/posts\/2405\/revisions\/2410"}],"wp:attachment":[{"href":"https:\/\/www.cristallinamarmo.ch\/de\/wp-json\/wp\/v2\/media?parent=2405"}],"wp:term":[{"taxonomy":"category","embeddable":true,"href":"https:\/\/www.cristallinamarmo.ch\/de\/wp-json\/wp\/v2\/categories?post=2405"}],"curies":[{"name":"wp","href":"https:\/\/api.w.org\/{rel}","templated":true}]}}