{"id":2465,"date":"2023-10-05T16:34:02","date_gmt":"2023-10-05T14:34:02","guid":{"rendered":"https:\/\/www.cristallinamarmo.ch\/?p=2465"},"modified":"2023-10-24T13:52:20","modified_gmt":"2023-10-24T11:52:20","slug":"cristallina-marble-and-siamo-fuori-in-peccia","status":"publish","type":"post","link":"https:\/\/www.cristallinamarmo.ch\/de\/cristallina-marble-and-siamo-fuori-in-peccia\/","title":{"rendered":"Cristallina Marble und &#8222;Siamo Fuori&#8220; in Peccia"},"content":{"rendered":"<div class=\"flex flex-grow flex-col gap-3 max-w-full\">\n<div class=\"min-h-[20px] flex flex-col items-start gap-3 whitespace-pre-wrap break-words overflow-x-auto\">\n<div class=\"markdown prose w-full break-words dark:prose-invert light\">\n<div class=\"flex flex-grow flex-col gap-3 max-w-full\">\n<div class=\"min-h-[20px] flex flex-col items-start gap-3 whitespace-pre-wrap break-words overflow-x-auto\">\n<div class=\"markdown prose w-full break-words dark:prose-invert light\">\n<p><strong>Wir freuen uns, Ihnen die spannende Reise von Cristallina Marble im Fernsehprogramm &#8222;Siamo Fuori&#8220; auf LA 1 RSI Radiotelevisione Svizzera zu pr\u00e4sentieren<\/strong>. Dieses Unterhaltungs- und Kochprogramm, unter der Leitung von Carlotta Gallino, Davide Riva und Christian Frapolli, ist ein Reiseabenteuer zur Entdeckung lokaler Realit\u00e4ten und der Menschen, die sie besonders machen. Unsere Teilnahme an diesem Programm erm\u00f6glichte es uns, die einzigartige Geschichte unserer Marmorgrube zu erz\u00e4hlen, die die einzige in der gesamten Schweiz ist.<\/p>\n<p>W\u00e4hrend der Episode, in der wir interviewt wurden, waren auch die Bildhauerschule in Peccia und das Internationale Bildhauerzentrum in Peccia involviert, was zeigt, wie Marmor verschiedene Einrichtungen in interessante und fruchtbare Zusammenarbeiten f\u00fcr die Region Tessin zusammenbringen kann.<\/p>\n<p><strong>Eine Reise nach Lavizzara<\/strong><\/p>\n<p><strong>In unserer Episode reisten wir in die Gemeinde Lavizzara, um die Geschichte unserer Cristallina-Marmorgrube zu erz\u00e4hlen.<\/strong> Wir waren begeistert, dieses verborgene Juwel der Schweiz zu enth\u00fcllen und es mit dem Publikum von &#8222;Siamo Fuori&#8220; zu teilen. <strong>Die Cristallina-Marmorgrube existiert seit 1946 und wurde seit ihren Anfangsjahren im Ausland sehr gesch\u00e4tzt.<\/strong><\/p>\n<p><strong>Werte und Leidenschaft<\/strong><\/p>\n<p>W\u00e4hrend des Interviews hatten wir die Gelegenheit, unser unersch\u00fctterliches Engagement und unsere tiefe Leidenschaft f\u00fcr unseren Marmor zu betonen. Seit 14 Jahren f\u00fchren wir die Grube mit gro\u00dfer Leidenschaft und arbeiten unerm\u00fcdlich daran, die au\u00dfergew\u00f6hnliche Sch\u00f6nheit und Kunstfertigkeit der Schweiz durch unseren wertvollen Marmor zu pr\u00e4sentieren. Bevor wir zu hingebungsvollen Verwaltern dieser wertvollen Grube wurden, hatten die fr\u00fcheren Besitzer ernsthaft die M\u00f6glichkeit in Betracht gezogen, sie aufgrund erheblicher Herausforderungen im Zusammenhang mit dem Zugang und der Suche nach dem seltenen wei\u00dfen Marmor zu schlie\u00dfen. Unsere herzliche Familie hat alle m\u00f6glichen Anstrengungen unternommen, um diese einzigartige Ressource zu verbessern und f\u00fcr zuk\u00fcnftige Generationen am Leben zu erhalten.<\/p>\n<\/div>\n<\/div>\n<\/div>\n<\/div>\n<\/div>\n<\/div>\n","protected":false},"excerpt":{"rendered":"<p>Wir freuen uns, Ihnen die spannende Reise von Cristallina Marble im Fernsehprogramm &#8222;Siamo Fuori&#8220; auf LA 1 RSI Radiotelevisione Svizzera zu pr\u00e4sentieren. Dieses Unterhaltungs- und Kochprogramm, unter der Leitung von Carlotta Gallino, Davide Riva und Christian Frapolli, ist ein Reiseabenteuer&#8230;<\/p>\n","protected":false},"author":2,"featured_media":0,"comment_status":"closed","ping_status":"closed","sticky":false,"template":"","format":"standard","meta":{"footnotes":""},"categories":[4,1],"class_list":["post-2465","post","type-post","status-publish","format-standard","hentry","category-journal-en","category-journal"],"yoast_head":"<!-- This site is optimized with the Yoast SEO plugin v21.2 - https:\/\/yoast.com\/wordpress\/plugins\/seo\/ -->\n<title>Cristallina Marble und &quot;Siamo Fuori&quot; in Peccia - Cristallina<\/title>\n<meta name=\"description\" content=\"Entdecken Sie die aufregende Reise von Cristallina Marble in die Welt des Schweizer Marmors durch unsere Teilnahme am Programm &quot;Siamo Fuori&quot;.\" \/>\n<meta name=\"robots\" content=\"index, follow, max-snippet:-1, max-image-preview:large, max-video-preview:-1\" \/>\n<link rel=\"canonical\" href=\"https:\/\/www.cristallinamarmo.ch\/de\/cristallina-marble-and-siamo-fuori-in-peccia\/\" \/>\n<meta property=\"og:locale\" content=\"de_DE\" \/>\n<meta property=\"og:type\" content=\"article\" \/>\n<meta property=\"og:title\" content=\"Cristallina Marble und &quot;Siamo Fuori&quot; in Peccia - Cristallina\" \/>\n<meta property=\"og:description\" content=\"Entdecken Sie die aufregende Reise von Cristallina Marble in die Welt des Schweizer Marmors durch unsere Teilnahme am Programm &quot;Siamo Fuori&quot;.\" \/>\n<meta property=\"og:url\" content=\"https:\/\/www.cristallinamarmo.ch\/de\/cristallina-marble-and-siamo-fuori-in-peccia\/\" \/>\n<meta property=\"og:site_name\" content=\"Cristallina\" \/>\n<meta property=\"article:publisher\" content=\"https:\/\/www.facebook.com\/cristallinamarmo\" \/>\n<meta property=\"article:published_time\" content=\"2023-10-05T14:34:02+00:00\" \/>\n<meta property=\"article:modified_time\" content=\"2023-10-24T11:52:20+00:00\" \/>\n<meta name=\"author\" content=\"Cristallina Marmo\" \/>\n<meta name=\"twitter:card\" content=\"summary_large_image\" \/>\n<meta name=\"twitter:label1\" content=\"Verfasst von\" \/>\n\t<meta name=\"twitter:data1\" content=\"Cristallina Marmo\" \/>\n\t<meta name=\"twitter:label2\" content=\"Gesch\u00e4tzte Lesezeit\" \/>\n\t<meta name=\"twitter:data2\" content=\"2\u00a0Minuten\" \/>\n<script type=\"application\/ld+json\" class=\"yoast-schema-graph\">{\"@context\":\"https:\/\/schema.org\",\"@graph\":[{\"@type\":\"Article\",\"@id\":\"https:\/\/www.cristallinamarmo.ch\/de\/cristallina-marble-and-siamo-fuori-in-peccia\/#article\",\"isPartOf\":{\"@id\":\"https:\/\/www.cristallinamarmo.ch\/de\/cristallina-marble-and-siamo-fuori-in-peccia\/\"},\"author\":{\"name\":\"Cristallina Marmo\",\"@id\":\"https:\/\/www.cristallinamarmo.ch\/#\/schema\/person\/e6b82b9f318793b59077161cd36b552d\"},\"headline\":\"Cristallina Marble und &#8222;Siamo Fuori&#8220; in Peccia\",\"datePublished\":\"2023-10-05T14:34:02+00:00\",\"dateModified\":\"2023-10-24T11:52:20+00:00\",\"mainEntityOfPage\":{\"@id\":\"https:\/\/www.cristallinamarmo.ch\/de\/cristallina-marble-and-siamo-fuori-in-peccia\/\"},\"wordCount\":305,\"publisher\":{\"@id\":\"https:\/\/www.cristallinamarmo.ch\/#organization\"},\"articleSection\":[\"Journal\",\"Journal\"],\"inLanguage\":\"de\"},{\"@type\":\"WebPage\",\"@id\":\"https:\/\/www.cristallinamarmo.ch\/de\/cristallina-marble-and-siamo-fuori-in-peccia\/\",\"url\":\"https:\/\/www.cristallinamarmo.ch\/de\/cristallina-marble-and-siamo-fuori-in-peccia\/\",\"name\":\"Cristallina Marble und \\\"Siamo Fuori\\\" in Peccia - Cristallina\",\"isPartOf\":{\"@id\":\"https:\/\/www.cristallinamarmo.ch\/#website\"},\"datePublished\":\"2023-10-05T14:34:02+00:00\",\"dateModified\":\"2023-10-24T11:52:20+00:00\",\"description\":\"Entdecken Sie die aufregende Reise von Cristallina Marble in die Welt des Schweizer Marmors durch unsere Teilnahme am Programm \\\"Siamo Fuori\\\".\",\"breadcrumb\":{\"@id\":\"https:\/\/www.cristallinamarmo.ch\/de\/cristallina-marble-and-siamo-fuori-in-peccia\/#breadcrumb\"},\"inLanguage\":\"de\",\"potentialAction\":[{\"@type\":\"ReadAction\",\"target\":[\"https:\/\/www.cristallinamarmo.ch\/de\/cristallina-marble-and-siamo-fuori-in-peccia\/\"]}]},{\"@type\":\"BreadcrumbList\",\"@id\":\"https:\/\/www.cristallinamarmo.ch\/de\/cristallina-marble-and-siamo-fuori-in-peccia\/#breadcrumb\",\"itemListElement\":[{\"@type\":\"ListItem\",\"position\":1,\"name\":\"Home\",\"item\":\"https:\/\/www.cristallinamarmo.ch\/de\/\"},{\"@type\":\"ListItem\",\"position\":2,\"name\":\"Cristallina Marble und &#8222;Siamo Fuori&#8220; in Peccia\"}]},{\"@type\":\"WebSite\",\"@id\":\"https:\/\/www.cristallinamarmo.ch\/#website\",\"url\":\"https:\/\/www.cristallinamarmo.ch\/\",\"name\":\"Cristallina\",\"description\":\"The Swiss Marble\",\"publisher\":{\"@id\":\"https:\/\/www.cristallinamarmo.ch\/#organization\"},\"potentialAction\":[{\"@type\":\"SearchAction\",\"target\":{\"@type\":\"EntryPoint\",\"urlTemplate\":\"https:\/\/www.cristallinamarmo.ch\/?s={search_term_string}\"},\"query-input\":\"required name=search_term_string\"}],\"inLanguage\":\"de\"},{\"@type\":\"Organization\",\"@id\":\"https:\/\/www.cristallinamarmo.ch\/#organization\",\"name\":\"Cristallina\",\"url\":\"https:\/\/www.cristallinamarmo.ch\/\",\"logo\":{\"@type\":\"ImageObject\",\"inLanguage\":\"de\",\"@id\":\"https:\/\/www.cristallinamarmo.ch\/#\/schema\/logo\/image\/\",\"url\":\"https:\/\/www.cristallinamarmo.ch\/wp-content\/uploads\/2021\/05\/logo.png\",\"contentUrl\":\"https:\/\/www.cristallinamarmo.ch\/wp-content\/uploads\/2021\/05\/logo.png\",\"width\":500,\"height\":127,\"caption\":\"Cristallina\"},\"image\":{\"@id\":\"https:\/\/www.cristallinamarmo.ch\/#\/schema\/logo\/image\/\"},\"sameAs\":[\"https:\/\/www.facebook.com\/cristallinamarmo\",\"https:\/\/www.instagram.com\/cristallina_marmo\/\",\"https:\/\/www.linkedin.com\/company\/cristallina-sa\"]},{\"@type\":\"Person\",\"@id\":\"https:\/\/www.cristallinamarmo.ch\/#\/schema\/person\/e6b82b9f318793b59077161cd36b552d\",\"name\":\"Cristallina Marmo\",\"image\":{\"@type\":\"ImageObject\",\"inLanguage\":\"de\",\"@id\":\"https:\/\/www.cristallinamarmo.ch\/#\/schema\/person\/image\/\",\"url\":\"https:\/\/secure.gravatar.com\/avatar\/09b1a94c32e1afee933104d1a87225466e99e63ee54e1940c201176642e60c34?s=96&d=mm&r=g\",\"contentUrl\":\"https:\/\/secure.gravatar.com\/avatar\/09b1a94c32e1afee933104d1a87225466e99e63ee54e1940c201176642e60c34?s=96&d=mm&r=g\",\"caption\":\"Cristallina Marmo\"},\"sameAs\":[\"https:\/\/www.instagram.com\/cristallinamarmo.ch\/\",\"https:\/\/www.linkedin.com\/company\/cristallinamarmo\/?viewAsMember=true\"],\"url\":\"https:\/\/www.cristallinamarmo.ch\/de\/author\/cristallina\/\"}]}<\/script>\n<!-- \/ Yoast SEO plugin. -->","yoast_head_json":{"title":"Cristallina Marble und \"Siamo Fuori\" in Peccia - Cristallina","description":"Entdecken Sie die aufregende Reise von Cristallina Marble in die Welt des Schweizer Marmors durch unsere Teilnahme am Programm \"Siamo Fuori\".","robots":{"index":"index","follow":"follow","max-snippet":"max-snippet:-1","max-image-preview":"max-image-preview:large","max-video-preview":"max-video-preview:-1"},"canonical":"https:\/\/www.cristallinamarmo.ch\/de\/cristallina-marble-and-siamo-fuori-in-peccia\/","og_locale":"de_DE","og_type":"article","og_title":"Cristallina Marble und \"Siamo Fuori\" in Peccia - Cristallina","og_description":"Entdecken Sie die aufregende Reise von Cristallina Marble in die Welt des Schweizer Marmors durch unsere Teilnahme am Programm \"Siamo Fuori\".","og_url":"https:\/\/www.cristallinamarmo.ch\/de\/cristallina-marble-and-siamo-fuori-in-peccia\/","og_site_name":"Cristallina","article_publisher":"https:\/\/www.facebook.com\/cristallinamarmo","article_published_time":"2023-10-05T14:34:02+00:00","article_modified_time":"2023-10-24T11:52:20+00:00","author":"Cristallina Marmo","twitter_card":"summary_large_image","twitter_misc":{"Verfasst von":"Cristallina Marmo","Gesch\u00e4tzte Lesezeit":"2\u00a0Minuten"},"schema":{"@context":"https:\/\/schema.org","@graph":[{"@type":"Article","@id":"https:\/\/www.cristallinamarmo.ch\/de\/cristallina-marble-and-siamo-fuori-in-peccia\/#article","isPartOf":{"@id":"https:\/\/www.cristallinamarmo.ch\/de\/cristallina-marble-and-siamo-fuori-in-peccia\/"},"author":{"name":"Cristallina Marmo","@id":"https:\/\/www.cristallinamarmo.ch\/#\/schema\/person\/e6b82b9f318793b59077161cd36b552d"},"headline":"Cristallina Marble und &#8222;Siamo Fuori&#8220; in Peccia","datePublished":"2023-10-05T14:34:02+00:00","dateModified":"2023-10-24T11:52:20+00:00","mainEntityOfPage":{"@id":"https:\/\/www.cristallinamarmo.ch\/de\/cristallina-marble-and-siamo-fuori-in-peccia\/"},"wordCount":305,"publisher":{"@id":"https:\/\/www.cristallinamarmo.ch\/#organization"},"articleSection":["Journal","Journal"],"inLanguage":"de"},{"@type":"WebPage","@id":"https:\/\/www.cristallinamarmo.ch\/de\/cristallina-marble-and-siamo-fuori-in-peccia\/","url":"https:\/\/www.cristallinamarmo.ch\/de\/cristallina-marble-and-siamo-fuori-in-peccia\/","name":"Cristallina Marble und \"Siamo Fuori\" in Peccia - Cristallina","isPartOf":{"@id":"https:\/\/www.cristallinamarmo.ch\/#website"},"datePublished":"2023-10-05T14:34:02+00:00","dateModified":"2023-10-24T11:52:20+00:00","description":"Entdecken Sie die aufregende Reise von Cristallina Marble in die Welt des Schweizer Marmors durch unsere Teilnahme am Programm \"Siamo Fuori\".","breadcrumb":{"@id":"https:\/\/www.cristallinamarmo.ch\/de\/cristallina-marble-and-siamo-fuori-in-peccia\/#breadcrumb"},"inLanguage":"de","potentialAction":[{"@type":"ReadAction","target":["https:\/\/www.cristallinamarmo.ch\/de\/cristallina-marble-and-siamo-fuori-in-peccia\/"]}]},{"@type":"BreadcrumbList","@id":"https:\/\/www.cristallinamarmo.ch\/de\/cristallina-marble-and-siamo-fuori-in-peccia\/#breadcrumb","itemListElement":[{"@type":"ListItem","position":1,"name":"Home","item":"https:\/\/www.cristallinamarmo.ch\/de\/"},{"@type":"ListItem","position":2,"name":"Cristallina Marble und &#8222;Siamo Fuori&#8220; in Peccia"}]},{"@type":"WebSite","@id":"https:\/\/www.cristallinamarmo.ch\/#website","url":"https:\/\/www.cristallinamarmo.ch\/","name":"Cristallina","description":"The Swiss Marble","publisher":{"@id":"https:\/\/www.cristallinamarmo.ch\/#organization"},"potentialAction":[{"@type":"SearchAction","target":{"@type":"EntryPoint","urlTemplate":"https:\/\/www.cristallinamarmo.ch\/?s={search_term_string}"},"query-input":"required name=search_term_string"}],"inLanguage":"de"},{"@type":"Organization","@id":"https:\/\/www.cristallinamarmo.ch\/#organization","name":"Cristallina","url":"https:\/\/www.cristallinamarmo.ch\/","logo":{"@type":"ImageObject","inLanguage":"de","@id":"https:\/\/www.cristallinamarmo.ch\/#\/schema\/logo\/image\/","url":"https:\/\/www.cristallinamarmo.ch\/wp-content\/uploads\/2021\/05\/logo.png","contentUrl":"https:\/\/www.cristallinamarmo.ch\/wp-content\/uploads\/2021\/05\/logo.png","width":500,"height":127,"caption":"Cristallina"},"image":{"@id":"https:\/\/www.cristallinamarmo.ch\/#\/schema\/logo\/image\/"},"sameAs":["https:\/\/www.facebook.com\/cristallinamarmo","https:\/\/www.instagram.com\/cristallina_marmo\/","https:\/\/www.linkedin.com\/company\/cristallina-sa"]},{"@type":"Person","@id":"https:\/\/www.cristallinamarmo.ch\/#\/schema\/person\/e6b82b9f318793b59077161cd36b552d","name":"Cristallina Marmo","image":{"@type":"ImageObject","inLanguage":"de","@id":"https:\/\/www.cristallinamarmo.ch\/#\/schema\/person\/image\/","url":"https:\/\/secure.gravatar.com\/avatar\/09b1a94c32e1afee933104d1a87225466e99e63ee54e1940c201176642e60c34?s=96&d=mm&r=g","contentUrl":"https:\/\/secure.gravatar.com\/avatar\/09b1a94c32e1afee933104d1a87225466e99e63ee54e1940c201176642e60c34?s=96&d=mm&r=g","caption":"Cristallina Marmo"},"sameAs":["https:\/\/www.instagram.com\/cristallinamarmo.ch\/","https:\/\/www.linkedin.com\/company\/cristallinamarmo\/?viewAsMember=true"],"url":"https:\/\/www.cristallinamarmo.ch\/de\/author\/cristallina\/"}]}},"_links":{"self":[{"href":"https:\/\/www.cristallinamarmo.ch\/de\/wp-json\/wp\/v2\/posts\/2465","targetHints":{"allow":["GET"]}}],"collection":[{"href":"https:\/\/www.cristallinamarmo.ch\/de\/wp-json\/wp\/v2\/posts"}],"about":[{"href":"https:\/\/www.cristallinamarmo.ch\/de\/wp-json\/wp\/v2\/types\/post"}],"author":[{"embeddable":true,"href":"https:\/\/www.cristallinamarmo.ch\/de\/wp-json\/wp\/v2\/users\/2"}],"replies":[{"embeddable":true,"href":"https:\/\/www.cristallinamarmo.ch\/de\/wp-json\/wp\/v2\/comments?post=2465"}],"version-history":[{"count":4,"href":"https:\/\/www.cristallinamarmo.ch\/de\/wp-json\/wp\/v2\/posts\/2465\/revisions"}],"predecessor-version":[{"id":2474,"href":"https:\/\/www.cristallinamarmo.ch\/de\/wp-json\/wp\/v2\/posts\/2465\/revisions\/2474"}],"wp:attachment":[{"href":"https:\/\/www.cristallinamarmo.ch\/de\/wp-json\/wp\/v2\/media?parent=2465"}],"wp:term":[{"taxonomy":"category","embeddable":true,"href":"https:\/\/www.cristallinamarmo.ch\/de\/wp-json\/wp\/v2\/categories?post=2465"}],"curies":[{"name":"wp","href":"https:\/\/api.w.org\/{rel}","templated":true}]}}