{"id":2715,"date":"2025-02-03T14:46:02","date_gmt":"2025-02-03T13:46:02","guid":{"rendered":"https:\/\/www.cristallinamarmo.ch\/ponte-cevio-rinascita-calatrava\/"},"modified":"2025-02-03T15:01:07","modified_gmt":"2025-02-03T14:01:07","slug":"bruecke-cevio-renaissance-calatrava","status":"publish","type":"post","link":"https:\/\/www.cristallinamarmo.ch\/de\/bruecke-cevio-renaissance-calatrava\/","title":{"rendered":"Die Br\u00fccke von Cevio: Ein Symbol der Wiedergeburt f\u00fcr die Vallemaggia"},"content":{"rendered":"<p>Als wir die Idee einer von Santiago Calatrava entworfenen Br\u00fccke in Cevio vorstellten, hatten wir nicht mit einer solchen Begeisterung in der Gemeinde gerechnet. Die Kommentare, die wir erhalten haben, haben uns \u00fcberrascht und bewegt: Die meisten Menschen haben diesen Vorschlag mit Begeisterung aufgenommen und sehen darin eine Chance f\u00fcr die Zukunft von Vallemaggia.<\/p>\n<p><strong>Die Stimme der Gemeinde: zwischen Begeisterung und Nachdenken<\/strong><\/p>\n<p>Einer der Kommentare, die wir erhalten haben, fasst den Geist dieser Initiative perfekt zusammen: \u201eDas Tessin kann, wenn es will, zeigen, dass der Mut unserer Vorfahren noch da ist und eine vision\u00e4re Kraft besitzt.\u201c Diese und viele andere Botschaften ermutigen uns, noch mehr an den Wert dieses Projekts zu glauben.<\/p>\n<p>So viele von Ihnen haben uns geschrieben und ihre Unterst\u00fctzung und Wertsch\u00e4tzung f\u00fcr diese Vision zum Ausdruck gebracht. Viele sehen in der Br\u00fccke ein Symbol der Wiedergeburt, ein Werk, das nicht nur eine wichtige Verbindung wiederherstellt, sondern auch der Region neuen Schwung verleiht. Die M\u00f6glichkeit, lokale Materialien wie Cristallina-Marmor und Valle Maggia-Granit zu verwenden, hat gro\u00dfes Interesse geweckt. Der Wunsch, dass das Tessin bei diesem ehrgeizigen Projekt eine f\u00fchrende Rolle spielt, ist offensichtlich gross, und die Idee, Tradition und Innovation zu verbinden, st\u00f6sst auf breite Zustimmung.<\/p>\n<p>Einige von Ihnen haben die Bef\u00fcrchtung ge\u00e4ussert, dass die Politiker nicht den Mut haben, ein solch vision\u00e4res Projekt zu unterst\u00fctzen, dass sie es als nicht realisierbar oder als nicht priorit\u00e4r betrachten k\u00f6nnten. Viele fragen sich, ob die Institutionen in der Lage sein werden, die Chance zu ergreifen, etwas Einzigartiges zu schaffen, das in der Lage ist, die Besonderheiten des Tessins hervorzuheben, anstatt der Entv\u00f6lkerung der T\u00e4ler zugunsten der St\u00e4dte tatenlos zuzusehen. Die Bev\u00f6lkerung m\u00f6chte jedoch aktiv an dieser Entwicklung teilnehmen.<\/p>\n","protected":false},"excerpt":{"rendered":"<p>Als wir die Idee einer von Santiago Calatrava entworfenen Br\u00fccke in Cevio vorstellten, hatten wir nicht mit einer solchen Begeisterung in der Gemeinde gerechnet. Die Kommentare, die wir erhalten haben, haben uns \u00fcberrascht und bewegt: Die meisten Menschen haben diesen&#8230;<\/p>\n","protected":false},"author":2,"featured_media":2710,"comment_status":"closed","ping_status":"closed","sticky":false,"template":"","format":"standard","meta":{"footnotes":""},"categories":[5],"class_list":["post-2715","post","type-post","status-publish","format-standard","has-post-thumbnail","hentry","category-journal-de"],"yoast_head":"<!-- This site is optimized with the Yoast SEO plugin v21.2 - https:\/\/yoast.com\/wordpress\/plugins\/seo\/ -->\n<title>Die Br\u00fccke von Cevio: Ein Symbol der Wiedergeburt f\u00fcr die Vallemaggia - Cristallina<\/title>\n<meta name=\"description\" content=\"Entdecken Sie das Design der neuen Cevio-Br\u00fccke von Calatrava. Ein Werk, das Tradition und Innovation verbindet.\" \/>\n<meta name=\"robots\" content=\"index, follow, max-snippet:-1, max-image-preview:large, max-video-preview:-1\" \/>\n<link rel=\"canonical\" href=\"https:\/\/www.cristallinamarmo.ch\/de\/bruecke-cevio-renaissance-calatrava\/\" \/>\n<meta property=\"og:locale\" content=\"de_DE\" \/>\n<meta property=\"og:type\" content=\"article\" \/>\n<meta property=\"og:title\" content=\"Die Br\u00fccke von Cevio: Ein Symbol der Wiedergeburt f\u00fcr die Vallemaggia - Cristallina\" \/>\n<meta property=\"og:description\" content=\"Entdecken Sie das Design der neuen Cevio-Br\u00fccke von Calatrava. Ein Werk, das Tradition und Innovation verbindet.\" \/>\n<meta property=\"og:url\" content=\"https:\/\/www.cristallinamarmo.ch\/de\/bruecke-cevio-renaissance-calatrava\/\" \/>\n<meta property=\"og:site_name\" content=\"Cristallina\" \/>\n<meta property=\"article:publisher\" content=\"https:\/\/www.facebook.com\/cristallinamarmo\" \/>\n<meta property=\"article:published_time\" content=\"2025-02-03T13:46:02+00:00\" \/>\n<meta property=\"article:modified_time\" content=\"2025-02-03T14:01:07+00:00\" \/>\n<meta property=\"og:image\" content=\"https:\/\/www.cristallinamarmo.ch\/wp-content\/uploads\/2025\/02\/Ponte_stradale_di_Visletto_crollato_2024_B.jpg\" \/>\n\t<meta property=\"og:image:width\" content=\"1600\" \/>\n\t<meta property=\"og:image:height\" content=\"1130\" \/>\n\t<meta property=\"og:image:type\" content=\"image\/jpeg\" \/>\n<meta name=\"author\" content=\"Cristallina Marmo\" \/>\n<meta name=\"twitter:card\" content=\"summary_large_image\" \/>\n<meta name=\"twitter:label1\" content=\"Verfasst von\" \/>\n\t<meta name=\"twitter:data1\" content=\"Cristallina Marmo\" \/>\n\t<meta name=\"twitter:label2\" content=\"Gesch\u00e4tzte Lesezeit\" \/>\n\t<meta name=\"twitter:data2\" content=\"2\u00a0Minuten\" \/>\n<script type=\"application\/ld+json\" class=\"yoast-schema-graph\">{\"@context\":\"https:\/\/schema.org\",\"@graph\":[{\"@type\":\"Article\",\"@id\":\"https:\/\/www.cristallinamarmo.ch\/de\/bruecke-cevio-renaissance-calatrava\/#article\",\"isPartOf\":{\"@id\":\"https:\/\/www.cristallinamarmo.ch\/de\/bruecke-cevio-renaissance-calatrava\/\"},\"author\":{\"name\":\"Cristallina Marmo\",\"@id\":\"https:\/\/www.cristallinamarmo.ch\/#\/schema\/person\/e6b82b9f318793b59077161cd36b552d\"},\"headline\":\"Die Br\u00fccke von Cevio: Ein Symbol der Wiedergeburt f\u00fcr die Vallemaggia\",\"datePublished\":\"2025-02-03T13:46:02+00:00\",\"dateModified\":\"2025-02-03T14:01:07+00:00\",\"mainEntityOfPage\":{\"@id\":\"https:\/\/www.cristallinamarmo.ch\/de\/bruecke-cevio-renaissance-calatrava\/\"},\"wordCount\":313,\"publisher\":{\"@id\":\"https:\/\/www.cristallinamarmo.ch\/#organization\"},\"articleSection\":[\"Journal\"],\"inLanguage\":\"de\"},{\"@type\":\"WebPage\",\"@id\":\"https:\/\/www.cristallinamarmo.ch\/de\/bruecke-cevio-renaissance-calatrava\/\",\"url\":\"https:\/\/www.cristallinamarmo.ch\/de\/bruecke-cevio-renaissance-calatrava\/\",\"name\":\"Die Br\u00fccke von Cevio: Ein Symbol der Wiedergeburt f\u00fcr die Vallemaggia - Cristallina\",\"isPartOf\":{\"@id\":\"https:\/\/www.cristallinamarmo.ch\/#website\"},\"datePublished\":\"2025-02-03T13:46:02+00:00\",\"dateModified\":\"2025-02-03T14:01:07+00:00\",\"description\":\"Entdecken Sie das Design der neuen Cevio-Br\u00fccke von Calatrava. Ein Werk, das Tradition und Innovation verbindet.\",\"breadcrumb\":{\"@id\":\"https:\/\/www.cristallinamarmo.ch\/de\/bruecke-cevio-renaissance-calatrava\/#breadcrumb\"},\"inLanguage\":\"de\",\"potentialAction\":[{\"@type\":\"ReadAction\",\"target\":[\"https:\/\/www.cristallinamarmo.ch\/de\/bruecke-cevio-renaissance-calatrava\/\"]}]},{\"@type\":\"BreadcrumbList\",\"@id\":\"https:\/\/www.cristallinamarmo.ch\/de\/bruecke-cevio-renaissance-calatrava\/#breadcrumb\",\"itemListElement\":[{\"@type\":\"ListItem\",\"position\":1,\"name\":\"Home\",\"item\":\"https:\/\/www.cristallinamarmo.ch\/de\/\"},{\"@type\":\"ListItem\",\"position\":2,\"name\":\"Die Br\u00fccke von Cevio: Ein Symbol der Wiedergeburt f\u00fcr die Vallemaggia\"}]},{\"@type\":\"WebSite\",\"@id\":\"https:\/\/www.cristallinamarmo.ch\/#website\",\"url\":\"https:\/\/www.cristallinamarmo.ch\/\",\"name\":\"Cristallina\",\"description\":\"The Swiss Marble\",\"publisher\":{\"@id\":\"https:\/\/www.cristallinamarmo.ch\/#organization\"},\"potentialAction\":[{\"@type\":\"SearchAction\",\"target\":{\"@type\":\"EntryPoint\",\"urlTemplate\":\"https:\/\/www.cristallinamarmo.ch\/?s={search_term_string}\"},\"query-input\":\"required name=search_term_string\"}],\"inLanguage\":\"de\"},{\"@type\":\"Organization\",\"@id\":\"https:\/\/www.cristallinamarmo.ch\/#organization\",\"name\":\"Cristallina\",\"url\":\"https:\/\/www.cristallinamarmo.ch\/\",\"logo\":{\"@type\":\"ImageObject\",\"inLanguage\":\"de\",\"@id\":\"https:\/\/www.cristallinamarmo.ch\/#\/schema\/logo\/image\/\",\"url\":\"https:\/\/www.cristallinamarmo.ch\/wp-content\/uploads\/2021\/05\/logo.png\",\"contentUrl\":\"https:\/\/www.cristallinamarmo.ch\/wp-content\/uploads\/2021\/05\/logo.png\",\"width\":500,\"height\":127,\"caption\":\"Cristallina\"},\"image\":{\"@id\":\"https:\/\/www.cristallinamarmo.ch\/#\/schema\/logo\/image\/\"},\"sameAs\":[\"https:\/\/www.facebook.com\/cristallinamarmo\",\"https:\/\/www.instagram.com\/cristallina_marmo\/\",\"https:\/\/www.linkedin.com\/company\/cristallina-sa\"]},{\"@type\":\"Person\",\"@id\":\"https:\/\/www.cristallinamarmo.ch\/#\/schema\/person\/e6b82b9f318793b59077161cd36b552d\",\"name\":\"Cristallina Marmo\",\"image\":{\"@type\":\"ImageObject\",\"inLanguage\":\"de\",\"@id\":\"https:\/\/www.cristallinamarmo.ch\/#\/schema\/person\/image\/\",\"url\":\"https:\/\/secure.gravatar.com\/avatar\/09b1a94c32e1afee933104d1a87225466e99e63ee54e1940c201176642e60c34?s=96&d=mm&r=g\",\"contentUrl\":\"https:\/\/secure.gravatar.com\/avatar\/09b1a94c32e1afee933104d1a87225466e99e63ee54e1940c201176642e60c34?s=96&d=mm&r=g\",\"caption\":\"Cristallina Marmo\"},\"sameAs\":[\"https:\/\/www.instagram.com\/cristallinamarmo.ch\/\",\"https:\/\/www.linkedin.com\/company\/cristallinamarmo\/?viewAsMember=true\"],\"url\":\"https:\/\/www.cristallinamarmo.ch\/de\/author\/cristallina\/\"}]}<\/script>\n<!-- \/ Yoast SEO plugin. -->","yoast_head_json":{"title":"Die Br\u00fccke von Cevio: Ein Symbol der Wiedergeburt f\u00fcr die Vallemaggia - Cristallina","description":"Entdecken Sie das Design der neuen Cevio-Br\u00fccke von Calatrava. Ein Werk, das Tradition und Innovation verbindet.","robots":{"index":"index","follow":"follow","max-snippet":"max-snippet:-1","max-image-preview":"max-image-preview:large","max-video-preview":"max-video-preview:-1"},"canonical":"https:\/\/www.cristallinamarmo.ch\/de\/bruecke-cevio-renaissance-calatrava\/","og_locale":"de_DE","og_type":"article","og_title":"Die Br\u00fccke von Cevio: Ein Symbol der Wiedergeburt f\u00fcr die Vallemaggia - Cristallina","og_description":"Entdecken Sie das Design der neuen Cevio-Br\u00fccke von Calatrava. Ein Werk, das Tradition und Innovation verbindet.","og_url":"https:\/\/www.cristallinamarmo.ch\/de\/bruecke-cevio-renaissance-calatrava\/","og_site_name":"Cristallina","article_publisher":"https:\/\/www.facebook.com\/cristallinamarmo","article_published_time":"2025-02-03T13:46:02+00:00","article_modified_time":"2025-02-03T14:01:07+00:00","og_image":[{"width":1600,"height":1130,"url":"https:\/\/www.cristallinamarmo.ch\/wp-content\/uploads\/2025\/02\/Ponte_stradale_di_Visletto_crollato_2024_B.jpg","type":"image\/jpeg"}],"author":"Cristallina Marmo","twitter_card":"summary_large_image","twitter_misc":{"Verfasst von":"Cristallina Marmo","Gesch\u00e4tzte Lesezeit":"2\u00a0Minuten"},"schema":{"@context":"https:\/\/schema.org","@graph":[{"@type":"Article","@id":"https:\/\/www.cristallinamarmo.ch\/de\/bruecke-cevio-renaissance-calatrava\/#article","isPartOf":{"@id":"https:\/\/www.cristallinamarmo.ch\/de\/bruecke-cevio-renaissance-calatrava\/"},"author":{"name":"Cristallina Marmo","@id":"https:\/\/www.cristallinamarmo.ch\/#\/schema\/person\/e6b82b9f318793b59077161cd36b552d"},"headline":"Die Br\u00fccke von Cevio: Ein Symbol der Wiedergeburt f\u00fcr die Vallemaggia","datePublished":"2025-02-03T13:46:02+00:00","dateModified":"2025-02-03T14:01:07+00:00","mainEntityOfPage":{"@id":"https:\/\/www.cristallinamarmo.ch\/de\/bruecke-cevio-renaissance-calatrava\/"},"wordCount":313,"publisher":{"@id":"https:\/\/www.cristallinamarmo.ch\/#organization"},"articleSection":["Journal"],"inLanguage":"de"},{"@type":"WebPage","@id":"https:\/\/www.cristallinamarmo.ch\/de\/bruecke-cevio-renaissance-calatrava\/","url":"https:\/\/www.cristallinamarmo.ch\/de\/bruecke-cevio-renaissance-calatrava\/","name":"Die Br\u00fccke von Cevio: Ein Symbol der Wiedergeburt f\u00fcr die Vallemaggia - Cristallina","isPartOf":{"@id":"https:\/\/www.cristallinamarmo.ch\/#website"},"datePublished":"2025-02-03T13:46:02+00:00","dateModified":"2025-02-03T14:01:07+00:00","description":"Entdecken Sie das Design der neuen Cevio-Br\u00fccke von Calatrava. Ein Werk, das Tradition und Innovation verbindet.","breadcrumb":{"@id":"https:\/\/www.cristallinamarmo.ch\/de\/bruecke-cevio-renaissance-calatrava\/#breadcrumb"},"inLanguage":"de","potentialAction":[{"@type":"ReadAction","target":["https:\/\/www.cristallinamarmo.ch\/de\/bruecke-cevio-renaissance-calatrava\/"]}]},{"@type":"BreadcrumbList","@id":"https:\/\/www.cristallinamarmo.ch\/de\/bruecke-cevio-renaissance-calatrava\/#breadcrumb","itemListElement":[{"@type":"ListItem","position":1,"name":"Home","item":"https:\/\/www.cristallinamarmo.ch\/de\/"},{"@type":"ListItem","position":2,"name":"Die Br\u00fccke von Cevio: Ein Symbol der Wiedergeburt f\u00fcr die Vallemaggia"}]},{"@type":"WebSite","@id":"https:\/\/www.cristallinamarmo.ch\/#website","url":"https:\/\/www.cristallinamarmo.ch\/","name":"Cristallina","description":"The Swiss Marble","publisher":{"@id":"https:\/\/www.cristallinamarmo.ch\/#organization"},"potentialAction":[{"@type":"SearchAction","target":{"@type":"EntryPoint","urlTemplate":"https:\/\/www.cristallinamarmo.ch\/?s={search_term_string}"},"query-input":"required name=search_term_string"}],"inLanguage":"de"},{"@type":"Organization","@id":"https:\/\/www.cristallinamarmo.ch\/#organization","name":"Cristallina","url":"https:\/\/www.cristallinamarmo.ch\/","logo":{"@type":"ImageObject","inLanguage":"de","@id":"https:\/\/www.cristallinamarmo.ch\/#\/schema\/logo\/image\/","url":"https:\/\/www.cristallinamarmo.ch\/wp-content\/uploads\/2021\/05\/logo.png","contentUrl":"https:\/\/www.cristallinamarmo.ch\/wp-content\/uploads\/2021\/05\/logo.png","width":500,"height":127,"caption":"Cristallina"},"image":{"@id":"https:\/\/www.cristallinamarmo.ch\/#\/schema\/logo\/image\/"},"sameAs":["https:\/\/www.facebook.com\/cristallinamarmo","https:\/\/www.instagram.com\/cristallina_marmo\/","https:\/\/www.linkedin.com\/company\/cristallina-sa"]},{"@type":"Person","@id":"https:\/\/www.cristallinamarmo.ch\/#\/schema\/person\/e6b82b9f318793b59077161cd36b552d","name":"Cristallina Marmo","image":{"@type":"ImageObject","inLanguage":"de","@id":"https:\/\/www.cristallinamarmo.ch\/#\/schema\/person\/image\/","url":"https:\/\/secure.gravatar.com\/avatar\/09b1a94c32e1afee933104d1a87225466e99e63ee54e1940c201176642e60c34?s=96&d=mm&r=g","contentUrl":"https:\/\/secure.gravatar.com\/avatar\/09b1a94c32e1afee933104d1a87225466e99e63ee54e1940c201176642e60c34?s=96&d=mm&r=g","caption":"Cristallina Marmo"},"sameAs":["https:\/\/www.instagram.com\/cristallinamarmo.ch\/","https:\/\/www.linkedin.com\/company\/cristallinamarmo\/?viewAsMember=true"],"url":"https:\/\/www.cristallinamarmo.ch\/de\/author\/cristallina\/"}]}},"_links":{"self":[{"href":"https:\/\/www.cristallinamarmo.ch\/de\/wp-json\/wp\/v2\/posts\/2715","targetHints":{"allow":["GET"]}}],"collection":[{"href":"https:\/\/www.cristallinamarmo.ch\/de\/wp-json\/wp\/v2\/posts"}],"about":[{"href":"https:\/\/www.cristallinamarmo.ch\/de\/wp-json\/wp\/v2\/types\/post"}],"author":[{"embeddable":true,"href":"https:\/\/www.cristallinamarmo.ch\/de\/wp-json\/wp\/v2\/users\/2"}],"replies":[{"embeddable":true,"href":"https:\/\/www.cristallinamarmo.ch\/de\/wp-json\/wp\/v2\/comments?post=2715"}],"version-history":[{"count":2,"href":"https:\/\/www.cristallinamarmo.ch\/de\/wp-json\/wp\/v2\/posts\/2715\/revisions"}],"predecessor-version":[{"id":2717,"href":"https:\/\/www.cristallinamarmo.ch\/de\/wp-json\/wp\/v2\/posts\/2715\/revisions\/2717"}],"wp:featuredmedia":[{"embeddable":true,"href":"https:\/\/www.cristallinamarmo.ch\/de\/wp-json\/wp\/v2\/media\/2710"}],"wp:attachment":[{"href":"https:\/\/www.cristallinamarmo.ch\/de\/wp-json\/wp\/v2\/media?parent=2715"}],"wp:term":[{"taxonomy":"category","embeddable":true,"href":"https:\/\/www.cristallinamarmo.ch\/de\/wp-json\/wp\/v2\/categories?post=2715"}],"curies":[{"name":"wp","href":"https:\/\/api.w.org\/{rel}","templated":true}]}}