{"id":2783,"date":"2025-10-15T12:29:04","date_gmt":"2025-10-15T10:29:04","guid":{"rendered":"https:\/\/www.cristallinamarmo.ch\/cristallina-marble-bucherer-zurigo\/"},"modified":"2025-10-15T13:50:12","modified_gmt":"2025-10-15T11:50:12","slug":"cristallina-marmor-bucherer-zurich","status":"publish","type":"post","link":"https:\/\/www.cristallinamarmo.ch\/de\/cristallina-marmor-bucherer-zurich\/","title":{"rendered":"Cristallina Marmor Bucherer Z\u00fcrich \u2013 Vom Projekt bis zum Void Tray"},"content":{"rendered":"<p data-start=\"366\" data-end=\"529\">In the heart of Zurich, on Bahnhofstrasse, the <a href=\"https:\/\/www.bucherer.com\/ch\/en\/locations\/switzerland\/zuerich-bahnhofstrasse\"><strong data-start=\"413\" data-end=\"440\">Bucherer Flagship Store<\/strong>,<\/a> crafted in <strong data-start=\"453\" data-end=\"475\">Cristallina marble<\/strong>, stands as an icon of Swiss elegance and precision.<\/p>\n<p data-start=\"531\" data-end=\"752\">Clad in <strong data-start=\"539\" data-end=\"575\"><a href=\"https:\/\/www.cristallinamarmo.ch\/fr\/marmo\/cristallina-white-venato\/\">Cristallina\u00ae White Venato<\/a> marble<\/strong>, with details in <strong><a href=\"https:\/\/www.cristallinamarmo.ch\/fr\/marmo\/cristallina-blackwhite\/\">Cristallina\u00ae Black&amp;White<\/a><\/strong>, it represents one of the most significant collaborations between <strong data-start=\"688\" data-end=\"706\">Cristallina SA<\/strong> and the world of contemporary architecture.<\/p>\n<p data-start=\"754\" data-end=\"1006\">Designed by <strong data-start=\"766\" data-end=\"794\"><a href=\"https:\/\/www.haratori.ch\/\">Office Haratori<\/a> (Zurich)<\/strong> and <strong data-start=\"799\" data-end=\"828\"><a href=\"https:\/\/www.winhov.nl\/\">Office Winhov<\/a> (Amsterdam)<\/strong>, the project was awarded in <strong data-start=\"857\" data-end=\"865\">2021<\/strong> as <em data-start=\"869\" data-end=\"905\">\u201cZurich\u2019s Most Beautiful Building\u201d<\/em>, a recognition of its architectural excellence and the superior quality of the materials selected.<\/p>\n<p data-start=\"947\" data-end=\"1118\">Im Herzen von Z\u00fcrich, an der Bahnhofstrasse, steht das <a href=\"https:\/\/www.bucherer.com\/ch\/en\/locations\/switzerland\/zuerich-bahnhofstrasse\"><strong data-start=\"413\" data-end=\"440\">Bucherer Flagship Store<\/strong><\/a>, gefertigt aus <strong data-start=\"1045\" data-end=\"1067\">Cristallina Marmor<\/strong>, als Symbol f\u00fcr Schweizer Eleganz und Pr\u00e4zision.<\/p>\n<p data-start=\"1120\" data-end=\"1323\">Verkleidet mit <strong data-start=\"539\" data-end=\"575\"><a href=\"https:\/\/www.cristallinamarmo.ch\/fr\/marmo\/cristallina-white-venato\/\">Cristallina\u00ae White Venato<\/a> <\/strong> und Details aus <strong><a href=\"https:\/\/www.cristallinamarmo.ch\/fr\/marmo\/cristallina-blackwhite\/\">Cristallina\u00ae Black&amp;White<\/a><\/strong>,, geh\u00f6rt es zu den bedeutendsten Kooperationen zwischen <strong data-start=\"1265\" data-end=\"1283\">Cristallina SA<\/strong> und der zeitgen\u00f6ssischen Architektur.<\/p>\n<p data-start=\"1325\" data-end=\"1590\">Das von <strong data-start=\"1333\" data-end=\"1361\"><a href=\"https:\/\/www.haratori.ch\/\">Office Haratori<\/a> (Z\u00fcrich)<\/strong> und <strong data-start=\"1366\" data-end=\"1395\"><a href=\"https:\/\/www.winhov.nl\/\">Office Winhov<\/a> (Amsterdam)<\/strong> entworfene Projekt wurde im <strong data-start=\"1424\" data-end=\"1437\">Jahr 2021<\/strong> als <em data-start=\"1442\" data-end=\"1480\">\u201eSch\u00f6nstes Geb\u00e4ude der Stadt Z\u00fcrich\u201c<\/em> ausgezeichnet \u2013 eine Anerkennung f\u00fcr seine architektonische Qualit\u00e4t und die herausragende Materialauswahl.<\/p>\n<p data-start=\"1597\" data-end=\"1661\"><strong data-start=\"1600\" data-end=\"1661\">Von der Vision bis zur Umsetzung: Die Cristallina-Methode<\/strong><\/p>\n<p data-start=\"1663\" data-end=\"2025\">Hinter jeder perfekt verlegten Marmorfl\u00e4che steckt eine Methode, die auf mehr als <strong data-start=\"1745\" data-end=\"1769\">130 Jahren Erfahrung<\/strong> basiert und tief im Tessiner Gebiet verwurzelt ist.<br data-start=\"1821\" data-end=\"1824\" \/>Das <strong data-start=\"1828\" data-end=\"1858\">Bucherer-Projekt in Z\u00fcrich<\/strong>, ausgef\u00fchrt in <strong data-start=\"1874\" data-end=\"1896\">Cristallina Marmor<\/strong>, ist das Ergebnis eines Prozesses, der <strong data-start=\"1936\" data-end=\"2014\">architektonische Vision, technisches Know-how und Schweizer Handwerkskunst<\/strong> vereint. Alles beginnt mit der <strong data-start=\"2049\" data-end=\"2066\">Projektvision<\/strong>: das architektonische Konzept verstehen, die gew\u00fcnschte Atmosph\u00e4re erfassen und das Verhalten des Lichts auf dem Stein analysieren. Es folgt die <strong data-start=\"2214\" data-end=\"2237\">technische Beratung<\/strong>, bei der unser Team Architekten und Bauherren bei der Definition jedes Details begleitet \u2013 von der St\u00e4rke \u00fcber die Oberfl\u00e4chen bis hin zur \u00e4sthetischen Wirkung. Dann folgt die <strong data-start=\"2417\" data-end=\"2432\">Musterphase<\/strong>, in der wir sorgf\u00e4ltig Marmorproben ausw\u00e4hlen und im Labor testen. Jede Platte wird <strong data-start=\"2519\" data-end=\"2577\">analysiert, nummeriert und r\u00fcckverfolgbar dokumentiert<\/strong>, um Einheitlichkeit und Pr\u00e4zision bis zur Schneidephase zu gew\u00e4hrleisten. Der n\u00e4chste Schritt ist die <strong data-start=\"2683\" data-end=\"2706\">Projektmodellierung<\/strong>: Mit Renderings, Berechnungen und Mock-ups wird die Vision in exakte Ausf\u00fchrungspl\u00e4ne \u00fcbersetzt. Die <strong data-start=\"2810\" data-end=\"2826\">Blockauswahl<\/strong> erfolgt direkt im <strong data-start=\"2845\" data-end=\"2870\">Steinbruch von Peccia<\/strong> auf \u00fcber 1.200 Metern H\u00f6he, wo der Cristallina Marmor abgebaut wird. Schlie\u00dflich nimmt der Stein in unserer <strong data-start=\"2982\" data-end=\"3005\">Werkstatt in Biasca<\/strong> Form an:<br data-start=\"3014\" data-end=\"3017\" \/>Jedes Element wird <strong data-start=\"3036\" data-end=\"3115\">geschnitten, geschliffen, vormontiert und in einer Vorinstallation getestet<\/strong>. Erst nach einer abschlie\u00dfenden Pr\u00e4zisionskontrolle wird der Marmor <strong data-start=\"3186\" data-end=\"3229\">verpackt und an die Baustelle geliefert<\/strong>. Dieser umfassende Ansatz \u2013 von der ersten Beratung bis zur finalen Montage \u2013 ist das, was <strong data-start=\"3324\" data-end=\"3342\">Cristallina SA<\/strong> auszeichnet: kein blo\u00dfer Marmorlieferant, sondern <strong data-start=\"3393\" data-end=\"3422\">ein echter Projektpartner<\/strong>, der Architekten, Bauherren und Designer in jeder Phase begleitet, bis zur perfekten Ausf\u00fchrung.<\/p>\n<p data-start=\"3528\" data-end=\"3578\"><strong data-start=\"3531\" data-end=\"3578\">Bucherer Z\u00fcrich: Eleganz in Stein gemei\u00dfelt<\/strong><\/p>\n<p data-start=\"3580\" data-end=\"3977\">Die Fassade des <strong data-start=\"3596\" data-end=\"3623\">Bucherer Flagship Store<\/strong> zeichnet sich durch den geometrischen Rhythmus ihrer Platten und den st\u00e4ndigen Dialog zwischen <strong data-start=\"3719\" data-end=\"3741\">Licht und Material<\/strong> aus.<br data-start=\"3746\" data-end=\"3749\" \/>Jede <strong data-start=\"3754\" data-end=\"3802\">Cristallina Marmorfl\u00e4che des Bucherer Z\u00fcrich<\/strong> wurde <strong data-start=\"3809\" data-end=\"3835\">sorgf\u00e4ltig geschliffen<\/strong>, um einen gleichm\u00e4\u00dfigen, sanften Glanz zu erzeugen, der das nat\u00fcrliche Licht reflektiert und dem Geb\u00e4ude eine skulpturale Pr\u00e4senz verleiht.<\/p>\n<p>&nbsp;<\/p>\n","protected":false},"excerpt":{"rendered":"<p>In the heart of Zurich, on Bahnhofstrasse, the Bucherer Flagship Store, crafted in Cristallina marble, stands as an icon of Swiss elegance and precision. Clad in Cristallina\u00ae White Venato marble, with details in Cristallina\u00ae Black&amp;White, it represents one of the&#8230;<\/p>\n","protected":false},"author":2,"featured_media":2775,"comment_status":"closed","ping_status":"closed","sticky":false,"template":"","format":"standard","meta":{"footnotes":""},"categories":[5],"class_list":["post-2783","post","type-post","status-publish","format-standard","has-post-thumbnail","hentry","category-journal-de"],"yoast_head":"<!-- This site is optimized with the Yoast SEO plugin v21.2 - https:\/\/yoast.com\/wordpress\/plugins\/seo\/ -->\n<title>Cristallina Marmor Bucherer Z\u00fcrich \u2013 Vom Projekt bis zum Void Tray<\/title>\n<meta name=\"description\" content=\"Vom Cristallina Marmor Bucherer Z\u00fcrich bis zum Void Tray: eine Reise zwischen Steinbruch, Architektur und Schweizer Design.\" \/>\n<meta name=\"robots\" content=\"index, follow, max-snippet:-1, max-image-preview:large, max-video-preview:-1\" \/>\n<link rel=\"canonical\" href=\"https:\/\/www.cristallinamarmo.ch\/de\/cristallina-marmor-bucherer-zurich\/\" \/>\n<meta property=\"og:locale\" content=\"de_DE\" \/>\n<meta property=\"og:type\" content=\"article\" \/>\n<meta property=\"og:title\" content=\"Cristallina Marmor Bucherer Z\u00fcrich \u2013 Vom Projekt bis zum Void Tray\" \/>\n<meta property=\"og:description\" content=\"Vom Cristallina Marmor Bucherer Z\u00fcrich bis zum Void Tray: eine Reise zwischen Steinbruch, Architektur und Schweizer Design.\" \/>\n<meta property=\"og:url\" content=\"https:\/\/www.cristallinamarmo.ch\/de\/cristallina-marmor-bucherer-zurich\/\" \/>\n<meta property=\"og:site_name\" content=\"Cristallina\" \/>\n<meta property=\"article:publisher\" content=\"https:\/\/www.facebook.com\/cristallinamarmo\" \/>\n<meta property=\"article:published_time\" content=\"2025-10-15T10:29:04+00:00\" \/>\n<meta property=\"article:modified_time\" content=\"2025-10-15T11:50:12+00:00\" \/>\n<meta property=\"og:image\" content=\"https:\/\/www.cristallinamarmo.ch\/wp-content\/uploads\/2025\/10\/brochure-it.jpg\" \/>\n\t<meta property=\"og:image:width\" content=\"2000\" \/>\n\t<meta property=\"og:image:height\" content=\"1426\" \/>\n\t<meta property=\"og:image:type\" content=\"image\/jpeg\" \/>\n<meta name=\"author\" content=\"Cristallina Marmo\" \/>\n<meta name=\"twitter:card\" content=\"summary_large_image\" \/>\n<meta name=\"twitter:label1\" content=\"Verfasst von\" \/>\n\t<meta name=\"twitter:data1\" content=\"Cristallina Marmo\" \/>\n\t<meta name=\"twitter:label2\" content=\"Gesch\u00e4tzte Lesezeit\" \/>\n\t<meta name=\"twitter:data2\" content=\"3\u00a0Minuten\" \/>\n<script type=\"application\/ld+json\" class=\"yoast-schema-graph\">{\"@context\":\"https:\/\/schema.org\",\"@graph\":[{\"@type\":\"Article\",\"@id\":\"https:\/\/www.cristallinamarmo.ch\/de\/cristallina-marmor-bucherer-zurich\/#article\",\"isPartOf\":{\"@id\":\"https:\/\/www.cristallinamarmo.ch\/de\/cristallina-marmor-bucherer-zurich\/\"},\"author\":{\"name\":\"Cristallina Marmo\",\"@id\":\"https:\/\/www.cristallinamarmo.ch\/#\/schema\/person\/e6b82b9f318793b59077161cd36b552d\"},\"headline\":\"Cristallina Marmor Bucherer Z\u00fcrich \u2013 Vom Projekt bis zum Void Tray\",\"datePublished\":\"2025-10-15T10:29:04+00:00\",\"dateModified\":\"2025-10-15T11:50:12+00:00\",\"mainEntityOfPage\":{\"@id\":\"https:\/\/www.cristallinamarmo.ch\/de\/cristallina-marmor-bucherer-zurich\/\"},\"wordCount\":521,\"publisher\":{\"@id\":\"https:\/\/www.cristallinamarmo.ch\/#organization\"},\"articleSection\":[\"Journal\"],\"inLanguage\":\"de\"},{\"@type\":\"WebPage\",\"@id\":\"https:\/\/www.cristallinamarmo.ch\/de\/cristallina-marmor-bucherer-zurich\/\",\"url\":\"https:\/\/www.cristallinamarmo.ch\/de\/cristallina-marmor-bucherer-zurich\/\",\"name\":\"Cristallina Marmor Bucherer Z\u00fcrich \u2013 Vom Projekt bis zum Void Tray\",\"isPartOf\":{\"@id\":\"https:\/\/www.cristallinamarmo.ch\/#website\"},\"datePublished\":\"2025-10-15T10:29:04+00:00\",\"dateModified\":\"2025-10-15T11:50:12+00:00\",\"description\":\"Vom Cristallina Marmor Bucherer Z\u00fcrich bis zum Void Tray: eine Reise zwischen Steinbruch, Architektur und Schweizer Design.\",\"breadcrumb\":{\"@id\":\"https:\/\/www.cristallinamarmo.ch\/de\/cristallina-marmor-bucherer-zurich\/#breadcrumb\"},\"inLanguage\":\"de\",\"potentialAction\":[{\"@type\":\"ReadAction\",\"target\":[\"https:\/\/www.cristallinamarmo.ch\/de\/cristallina-marmor-bucherer-zurich\/\"]}]},{\"@type\":\"BreadcrumbList\",\"@id\":\"https:\/\/www.cristallinamarmo.ch\/de\/cristallina-marmor-bucherer-zurich\/#breadcrumb\",\"itemListElement\":[{\"@type\":\"ListItem\",\"position\":1,\"name\":\"Home\",\"item\":\"https:\/\/www.cristallinamarmo.ch\/de\/\"},{\"@type\":\"ListItem\",\"position\":2,\"name\":\"Cristallina Marmor Bucherer Z\u00fcrich \u2013 Vom Projekt bis zum Void Tray\"}]},{\"@type\":\"WebSite\",\"@id\":\"https:\/\/www.cristallinamarmo.ch\/#website\",\"url\":\"https:\/\/www.cristallinamarmo.ch\/\",\"name\":\"Cristallina\",\"description\":\"The Swiss Marble\",\"publisher\":{\"@id\":\"https:\/\/www.cristallinamarmo.ch\/#organization\"},\"potentialAction\":[{\"@type\":\"SearchAction\",\"target\":{\"@type\":\"EntryPoint\",\"urlTemplate\":\"https:\/\/www.cristallinamarmo.ch\/?s={search_term_string}\"},\"query-input\":\"required name=search_term_string\"}],\"inLanguage\":\"de\"},{\"@type\":\"Organization\",\"@id\":\"https:\/\/www.cristallinamarmo.ch\/#organization\",\"name\":\"Cristallina\",\"url\":\"https:\/\/www.cristallinamarmo.ch\/\",\"logo\":{\"@type\":\"ImageObject\",\"inLanguage\":\"de\",\"@id\":\"https:\/\/www.cristallinamarmo.ch\/#\/schema\/logo\/image\/\",\"url\":\"https:\/\/www.cristallinamarmo.ch\/wp-content\/uploads\/2021\/05\/logo.png\",\"contentUrl\":\"https:\/\/www.cristallinamarmo.ch\/wp-content\/uploads\/2021\/05\/logo.png\",\"width\":500,\"height\":127,\"caption\":\"Cristallina\"},\"image\":{\"@id\":\"https:\/\/www.cristallinamarmo.ch\/#\/schema\/logo\/image\/\"},\"sameAs\":[\"https:\/\/www.facebook.com\/cristallinamarmo\",\"https:\/\/www.instagram.com\/cristallina_marmo\/\",\"https:\/\/www.linkedin.com\/company\/cristallina-sa\"]},{\"@type\":\"Person\",\"@id\":\"https:\/\/www.cristallinamarmo.ch\/#\/schema\/person\/e6b82b9f318793b59077161cd36b552d\",\"name\":\"Cristallina Marmo\",\"image\":{\"@type\":\"ImageObject\",\"inLanguage\":\"de\",\"@id\":\"https:\/\/www.cristallinamarmo.ch\/#\/schema\/person\/image\/\",\"url\":\"https:\/\/secure.gravatar.com\/avatar\/09b1a94c32e1afee933104d1a87225466e99e63ee54e1940c201176642e60c34?s=96&d=mm&r=g\",\"contentUrl\":\"https:\/\/secure.gravatar.com\/avatar\/09b1a94c32e1afee933104d1a87225466e99e63ee54e1940c201176642e60c34?s=96&d=mm&r=g\",\"caption\":\"Cristallina Marmo\"},\"sameAs\":[\"https:\/\/www.instagram.com\/cristallinamarmo.ch\/\",\"https:\/\/www.linkedin.com\/company\/cristallinamarmo\/?viewAsMember=true\"],\"url\":\"https:\/\/www.cristallinamarmo.ch\/de\/author\/cristallina\/\"}]}<\/script>\n<!-- \/ Yoast SEO plugin. -->","yoast_head_json":{"title":"Cristallina Marmor Bucherer Z\u00fcrich \u2013 Vom Projekt bis zum Void Tray","description":"Vom Cristallina Marmor Bucherer Z\u00fcrich bis zum Void Tray: eine Reise zwischen Steinbruch, Architektur und Schweizer Design.","robots":{"index":"index","follow":"follow","max-snippet":"max-snippet:-1","max-image-preview":"max-image-preview:large","max-video-preview":"max-video-preview:-1"},"canonical":"https:\/\/www.cristallinamarmo.ch\/de\/cristallina-marmor-bucherer-zurich\/","og_locale":"de_DE","og_type":"article","og_title":"Cristallina Marmor Bucherer Z\u00fcrich \u2013 Vom Projekt bis zum Void Tray","og_description":"Vom Cristallina Marmor Bucherer Z\u00fcrich bis zum Void Tray: eine Reise zwischen Steinbruch, Architektur und Schweizer Design.","og_url":"https:\/\/www.cristallinamarmo.ch\/de\/cristallina-marmor-bucherer-zurich\/","og_site_name":"Cristallina","article_publisher":"https:\/\/www.facebook.com\/cristallinamarmo","article_published_time":"2025-10-15T10:29:04+00:00","article_modified_time":"2025-10-15T11:50:12+00:00","og_image":[{"width":2000,"height":1426,"url":"https:\/\/www.cristallinamarmo.ch\/wp-content\/uploads\/2025\/10\/brochure-it.jpg","type":"image\/jpeg"}],"author":"Cristallina Marmo","twitter_card":"summary_large_image","twitter_misc":{"Verfasst von":"Cristallina Marmo","Gesch\u00e4tzte Lesezeit":"3\u00a0Minuten"},"schema":{"@context":"https:\/\/schema.org","@graph":[{"@type":"Article","@id":"https:\/\/www.cristallinamarmo.ch\/de\/cristallina-marmor-bucherer-zurich\/#article","isPartOf":{"@id":"https:\/\/www.cristallinamarmo.ch\/de\/cristallina-marmor-bucherer-zurich\/"},"author":{"name":"Cristallina Marmo","@id":"https:\/\/www.cristallinamarmo.ch\/#\/schema\/person\/e6b82b9f318793b59077161cd36b552d"},"headline":"Cristallina Marmor Bucherer Z\u00fcrich \u2013 Vom Projekt bis zum Void Tray","datePublished":"2025-10-15T10:29:04+00:00","dateModified":"2025-10-15T11:50:12+00:00","mainEntityOfPage":{"@id":"https:\/\/www.cristallinamarmo.ch\/de\/cristallina-marmor-bucherer-zurich\/"},"wordCount":521,"publisher":{"@id":"https:\/\/www.cristallinamarmo.ch\/#organization"},"articleSection":["Journal"],"inLanguage":"de"},{"@type":"WebPage","@id":"https:\/\/www.cristallinamarmo.ch\/de\/cristallina-marmor-bucherer-zurich\/","url":"https:\/\/www.cristallinamarmo.ch\/de\/cristallina-marmor-bucherer-zurich\/","name":"Cristallina Marmor Bucherer Z\u00fcrich \u2013 Vom Projekt bis zum Void Tray","isPartOf":{"@id":"https:\/\/www.cristallinamarmo.ch\/#website"},"datePublished":"2025-10-15T10:29:04+00:00","dateModified":"2025-10-15T11:50:12+00:00","description":"Vom Cristallina Marmor Bucherer Z\u00fcrich bis zum Void Tray: eine Reise zwischen Steinbruch, Architektur und Schweizer Design.","breadcrumb":{"@id":"https:\/\/www.cristallinamarmo.ch\/de\/cristallina-marmor-bucherer-zurich\/#breadcrumb"},"inLanguage":"de","potentialAction":[{"@type":"ReadAction","target":["https:\/\/www.cristallinamarmo.ch\/de\/cristallina-marmor-bucherer-zurich\/"]}]},{"@type":"BreadcrumbList","@id":"https:\/\/www.cristallinamarmo.ch\/de\/cristallina-marmor-bucherer-zurich\/#breadcrumb","itemListElement":[{"@type":"ListItem","position":1,"name":"Home","item":"https:\/\/www.cristallinamarmo.ch\/de\/"},{"@type":"ListItem","position":2,"name":"Cristallina Marmor Bucherer Z\u00fcrich \u2013 Vom Projekt bis zum Void Tray"}]},{"@type":"WebSite","@id":"https:\/\/www.cristallinamarmo.ch\/#website","url":"https:\/\/www.cristallinamarmo.ch\/","name":"Cristallina","description":"The Swiss Marble","publisher":{"@id":"https:\/\/www.cristallinamarmo.ch\/#organization"},"potentialAction":[{"@type":"SearchAction","target":{"@type":"EntryPoint","urlTemplate":"https:\/\/www.cristallinamarmo.ch\/?s={search_term_string}"},"query-input":"required name=search_term_string"}],"inLanguage":"de"},{"@type":"Organization","@id":"https:\/\/www.cristallinamarmo.ch\/#organization","name":"Cristallina","url":"https:\/\/www.cristallinamarmo.ch\/","logo":{"@type":"ImageObject","inLanguage":"de","@id":"https:\/\/www.cristallinamarmo.ch\/#\/schema\/logo\/image\/","url":"https:\/\/www.cristallinamarmo.ch\/wp-content\/uploads\/2021\/05\/logo.png","contentUrl":"https:\/\/www.cristallinamarmo.ch\/wp-content\/uploads\/2021\/05\/logo.png","width":500,"height":127,"caption":"Cristallina"},"image":{"@id":"https:\/\/www.cristallinamarmo.ch\/#\/schema\/logo\/image\/"},"sameAs":["https:\/\/www.facebook.com\/cristallinamarmo","https:\/\/www.instagram.com\/cristallina_marmo\/","https:\/\/www.linkedin.com\/company\/cristallina-sa"]},{"@type":"Person","@id":"https:\/\/www.cristallinamarmo.ch\/#\/schema\/person\/e6b82b9f318793b59077161cd36b552d","name":"Cristallina Marmo","image":{"@type":"ImageObject","inLanguage":"de","@id":"https:\/\/www.cristallinamarmo.ch\/#\/schema\/person\/image\/","url":"https:\/\/secure.gravatar.com\/avatar\/09b1a94c32e1afee933104d1a87225466e99e63ee54e1940c201176642e60c34?s=96&d=mm&r=g","contentUrl":"https:\/\/secure.gravatar.com\/avatar\/09b1a94c32e1afee933104d1a87225466e99e63ee54e1940c201176642e60c34?s=96&d=mm&r=g","caption":"Cristallina Marmo"},"sameAs":["https:\/\/www.instagram.com\/cristallinamarmo.ch\/","https:\/\/www.linkedin.com\/company\/cristallinamarmo\/?viewAsMember=true"],"url":"https:\/\/www.cristallinamarmo.ch\/de\/author\/cristallina\/"}]}},"_links":{"self":[{"href":"https:\/\/www.cristallinamarmo.ch\/de\/wp-json\/wp\/v2\/posts\/2783","targetHints":{"allow":["GET"]}}],"collection":[{"href":"https:\/\/www.cristallinamarmo.ch\/de\/wp-json\/wp\/v2\/posts"}],"about":[{"href":"https:\/\/www.cristallinamarmo.ch\/de\/wp-json\/wp\/v2\/types\/post"}],"author":[{"embeddable":true,"href":"https:\/\/www.cristallinamarmo.ch\/de\/wp-json\/wp\/v2\/users\/2"}],"replies":[{"embeddable":true,"href":"https:\/\/www.cristallinamarmo.ch\/de\/wp-json\/wp\/v2\/comments?post=2783"}],"version-history":[{"count":2,"href":"https:\/\/www.cristallinamarmo.ch\/de\/wp-json\/wp\/v2\/posts\/2783\/revisions"}],"predecessor-version":[{"id":2787,"href":"https:\/\/www.cristallinamarmo.ch\/de\/wp-json\/wp\/v2\/posts\/2783\/revisions\/2787"}],"wp:featuredmedia":[{"embeddable":true,"href":"https:\/\/www.cristallinamarmo.ch\/de\/wp-json\/wp\/v2\/media\/2775"}],"wp:attachment":[{"href":"https:\/\/www.cristallinamarmo.ch\/de\/wp-json\/wp\/v2\/media?parent=2783"}],"wp:term":[{"taxonomy":"category","embeddable":true,"href":"https:\/\/www.cristallinamarmo.ch\/de\/wp-json\/wp\/v2\/categories?post=2783"}],"curies":[{"name":"wp","href":"https:\/\/api.w.org\/{rel}","templated":true}]}}