{"id":1834,"date":"2021-08-17T17:03:10","date_gmt":"2021-08-17T15:03:10","guid":{"rendered":"https:\/\/www.cristallinamarmo.ch\/guardiamo-verso-la-sostenibilita\/"},"modified":"2021-09-07T14:16:10","modified_gmt":"2021-09-07T12:16:10","slug":"guardiamo-verso-la-sostenibilita","status":"publish","type":"post","link":"https:\/\/www.cristallinamarmo.ch\/fr\/guardiamo-verso-la-sostenibilita\/","title":{"rendered":"Nous regardons vers la Durabilit\u00e9"},"content":{"rendered":"<p>Dans la carri\u00e8re, nous avons introduit de <strong>nouvelles machines automotrices<\/strong>, dont certaines sont \u00e9lectriques, toutes \u00e9quip\u00e9es de filtres de derni\u00e8re g\u00e9n\u00e9ration.<\/p>\n<p>Afin de mieux satisfaire nos clients et de <strong>r\u00e9duire l&rsquo;impact environnemental,<\/strong> nous utilisons dans le laboratoire des machines \u00e0 commande num\u00e9rique qui garantissent des <strong>r\u00e9sultats extraordinaires, une faible consommation d&rsquo;\u00e9nergie et moins de d\u00e9chets de mat\u00e9riaux<\/strong>.<\/p>\n<p><strong>En d\u00e9coupant le marbre avec pr\u00e9cision, le mat\u00e9riaux en exc\u00e8s devient facilement r\u00e9utilisable.<\/strong><\/p>\n<p>Un exemple r\u00e9cent et tr\u00e8s int\u00e9ressant est la <strong>r\u00e9utilisation des surplus de marbre Cristallina<\/strong> provenant de la production de colonnes de marbre (voir le projet Villa priv\u00e9e) pour l&rsquo;exposition actuelle du c\u00e9l\u00e8bre artiste mexicain <strong>Jose D\u00e0vila<\/strong> au Centro Internazionale di Scultura (CIS) \u00e0 Peccia.<\/p>\n","protected":false},"excerpt":{"rendered":"<p>Dans la carri\u00e8re, nous avons introduit de nouvelles machines automotrices, dont certaines sont \u00e9lectriques, toutes \u00e9quip\u00e9es de filtres de derni\u00e8re g\u00e9n\u00e9ration. Afin de mieux satisfaire nos clients et de r\u00e9duire l&rsquo;impact environnemental, nous utilisons dans le laboratoire des machines \u00e0&#8230;<\/p>\n","protected":false},"author":2,"featured_media":0,"comment_status":"closed","ping_status":"closed","sticky":false,"template":"","format":"standard","meta":{"footnotes":""},"categories":[3],"class_list":["post-1834","post","type-post","status-publish","format-standard","hentry","category-journal-fr"],"yoast_head":"<!-- This site is optimized with the Yoast SEO plugin v21.2 - https:\/\/yoast.com\/wordpress\/plugins\/seo\/ -->\n<title>Nous regardons vers la Durabilit\u00e9 - Cristallina<\/title>\n<meta name=\"description\" content=\"Nous regardons vers la Durabilit\u00e9. Les mat\u00e9riaux en exc\u00e8s sont r\u00e9duits par des machines ultramodernes dans la carri\u00e8re et le laboratoire.\" \/>\n<meta name=\"robots\" content=\"index, follow, max-snippet:-1, max-image-preview:large, max-video-preview:-1\" \/>\n<link rel=\"canonical\" href=\"https:\/\/www.cristallinamarmo.ch\/fr\/guardiamo-verso-la-sostenibilita\/\" \/>\n<meta property=\"og:locale\" content=\"fr_FR\" \/>\n<meta property=\"og:type\" content=\"article\" \/>\n<meta property=\"og:title\" content=\"Nous regardons vers la Durabilit\u00e9 - Cristallina\" \/>\n<meta property=\"og:description\" content=\"Nous regardons vers la Durabilit\u00e9. Les mat\u00e9riaux en exc\u00e8s sont r\u00e9duits par des machines ultramodernes dans la carri\u00e8re et le laboratoire.\" \/>\n<meta property=\"og:url\" content=\"https:\/\/www.cristallinamarmo.ch\/fr\/guardiamo-verso-la-sostenibilita\/\" \/>\n<meta property=\"og:site_name\" content=\"Cristallina\" \/>\n<meta property=\"article:publisher\" content=\"https:\/\/www.facebook.com\/cristallinamarmo\" \/>\n<meta property=\"article:published_time\" content=\"2021-08-17T15:03:10+00:00\" \/>\n<meta property=\"article:modified_time\" content=\"2021-09-07T12:16:10+00:00\" \/>\n<meta name=\"author\" content=\"Cristallina Marmo\" \/>\n<meta name=\"twitter:card\" content=\"summary_large_image\" \/>\n<meta name=\"twitter:label1\" content=\"\u00c9crit par\" \/>\n\t<meta name=\"twitter:data1\" content=\"Cristallina Marmo\" \/>\n\t<meta name=\"twitter:label2\" content=\"Dur\u00e9e de lecture estim\u00e9e\" \/>\n\t<meta name=\"twitter:data2\" content=\"1 minute\" \/>\n<script type=\"application\/ld+json\" class=\"yoast-schema-graph\">{\"@context\":\"https:\/\/schema.org\",\"@graph\":[{\"@type\":\"Article\",\"@id\":\"https:\/\/www.cristallinamarmo.ch\/fr\/guardiamo-verso-la-sostenibilita\/#article\",\"isPartOf\":{\"@id\":\"https:\/\/www.cristallinamarmo.ch\/fr\/guardiamo-verso-la-sostenibilita\/\"},\"author\":{\"name\":\"Cristallina Marmo\",\"@id\":\"https:\/\/www.cristallinamarmo.ch\/#\/schema\/person\/e6b82b9f318793b59077161cd36b552d\"},\"headline\":\"Nous regardons vers la Durabilit\u00e9\",\"datePublished\":\"2021-08-17T15:03:10+00:00\",\"dateModified\":\"2021-09-07T12:16:10+00:00\",\"mainEntityOfPage\":{\"@id\":\"https:\/\/www.cristallinamarmo.ch\/fr\/guardiamo-verso-la-sostenibilita\/\"},\"wordCount\":143,\"publisher\":{\"@id\":\"https:\/\/www.cristallinamarmo.ch\/#organization\"},\"articleSection\":[\"Journal\"],\"inLanguage\":\"fr-FR\"},{\"@type\":\"WebPage\",\"@id\":\"https:\/\/www.cristallinamarmo.ch\/fr\/guardiamo-verso-la-sostenibilita\/\",\"url\":\"https:\/\/www.cristallinamarmo.ch\/fr\/guardiamo-verso-la-sostenibilita\/\",\"name\":\"Nous regardons vers la Durabilit\u00e9 - Cristallina\",\"isPartOf\":{\"@id\":\"https:\/\/www.cristallinamarmo.ch\/#website\"},\"datePublished\":\"2021-08-17T15:03:10+00:00\",\"dateModified\":\"2021-09-07T12:16:10+00:00\",\"description\":\"Nous regardons vers la Durabilit\u00e9. Les mat\u00e9riaux en exc\u00e8s sont r\u00e9duits par des machines ultramodernes dans la carri\u00e8re et le laboratoire.\",\"breadcrumb\":{\"@id\":\"https:\/\/www.cristallinamarmo.ch\/fr\/guardiamo-verso-la-sostenibilita\/#breadcrumb\"},\"inLanguage\":\"fr-FR\",\"potentialAction\":[{\"@type\":\"ReadAction\",\"target\":[\"https:\/\/www.cristallinamarmo.ch\/fr\/guardiamo-verso-la-sostenibilita\/\"]}]},{\"@type\":\"BreadcrumbList\",\"@id\":\"https:\/\/www.cristallinamarmo.ch\/fr\/guardiamo-verso-la-sostenibilita\/#breadcrumb\",\"itemListElement\":[{\"@type\":\"ListItem\",\"position\":1,\"name\":\"Home\",\"item\":\"https:\/\/www.cristallinamarmo.ch\/fr\/\"},{\"@type\":\"ListItem\",\"position\":2,\"name\":\"Nous regardons vers la Durabilit\u00e9\"}]},{\"@type\":\"WebSite\",\"@id\":\"https:\/\/www.cristallinamarmo.ch\/#website\",\"url\":\"https:\/\/www.cristallinamarmo.ch\/\",\"name\":\"Cristallina\",\"description\":\"The Swiss Marble\",\"publisher\":{\"@id\":\"https:\/\/www.cristallinamarmo.ch\/#organization\"},\"potentialAction\":[{\"@type\":\"SearchAction\",\"target\":{\"@type\":\"EntryPoint\",\"urlTemplate\":\"https:\/\/www.cristallinamarmo.ch\/?s={search_term_string}\"},\"query-input\":\"required name=search_term_string\"}],\"inLanguage\":\"fr-FR\"},{\"@type\":\"Organization\",\"@id\":\"https:\/\/www.cristallinamarmo.ch\/#organization\",\"name\":\"Cristallina\",\"url\":\"https:\/\/www.cristallinamarmo.ch\/\",\"logo\":{\"@type\":\"ImageObject\",\"inLanguage\":\"fr-FR\",\"@id\":\"https:\/\/www.cristallinamarmo.ch\/#\/schema\/logo\/image\/\",\"url\":\"https:\/\/www.cristallinamarmo.ch\/wp-content\/uploads\/2021\/05\/logo.png\",\"contentUrl\":\"https:\/\/www.cristallinamarmo.ch\/wp-content\/uploads\/2021\/05\/logo.png\",\"width\":500,\"height\":127,\"caption\":\"Cristallina\"},\"image\":{\"@id\":\"https:\/\/www.cristallinamarmo.ch\/#\/schema\/logo\/image\/\"},\"sameAs\":[\"https:\/\/www.facebook.com\/cristallinamarmo\",\"https:\/\/www.instagram.com\/cristallina_marmo\/\",\"https:\/\/www.linkedin.com\/company\/cristallina-sa\"]},{\"@type\":\"Person\",\"@id\":\"https:\/\/www.cristallinamarmo.ch\/#\/schema\/person\/e6b82b9f318793b59077161cd36b552d\",\"name\":\"Cristallina Marmo\",\"image\":{\"@type\":\"ImageObject\",\"inLanguage\":\"fr-FR\",\"@id\":\"https:\/\/www.cristallinamarmo.ch\/#\/schema\/person\/image\/\",\"url\":\"https:\/\/secure.gravatar.com\/avatar\/09b1a94c32e1afee933104d1a87225466e99e63ee54e1940c201176642e60c34?s=96&d=mm&r=g\",\"contentUrl\":\"https:\/\/secure.gravatar.com\/avatar\/09b1a94c32e1afee933104d1a87225466e99e63ee54e1940c201176642e60c34?s=96&d=mm&r=g\",\"caption\":\"Cristallina Marmo\"},\"sameAs\":[\"https:\/\/www.instagram.com\/cristallinamarmo.ch\/\",\"https:\/\/www.linkedin.com\/company\/cristallinamarmo\/?viewAsMember=true\"],\"url\":\"https:\/\/www.cristallinamarmo.ch\/fr\/author\/cristallina\/\"}]}<\/script>\n<!-- \/ Yoast SEO plugin. -->","yoast_head_json":{"title":"Nous regardons vers la Durabilit\u00e9 - Cristallina","description":"Nous regardons vers la Durabilit\u00e9. Les mat\u00e9riaux en exc\u00e8s sont r\u00e9duits par des machines ultramodernes dans la carri\u00e8re et le laboratoire.","robots":{"index":"index","follow":"follow","max-snippet":"max-snippet:-1","max-image-preview":"max-image-preview:large","max-video-preview":"max-video-preview:-1"},"canonical":"https:\/\/www.cristallinamarmo.ch\/fr\/guardiamo-verso-la-sostenibilita\/","og_locale":"fr_FR","og_type":"article","og_title":"Nous regardons vers la Durabilit\u00e9 - Cristallina","og_description":"Nous regardons vers la Durabilit\u00e9. Les mat\u00e9riaux en exc\u00e8s sont r\u00e9duits par des machines ultramodernes dans la carri\u00e8re et le laboratoire.","og_url":"https:\/\/www.cristallinamarmo.ch\/fr\/guardiamo-verso-la-sostenibilita\/","og_site_name":"Cristallina","article_publisher":"https:\/\/www.facebook.com\/cristallinamarmo","article_published_time":"2021-08-17T15:03:10+00:00","article_modified_time":"2021-09-07T12:16:10+00:00","author":"Cristallina Marmo","twitter_card":"summary_large_image","twitter_misc":{"\u00c9crit par":"Cristallina Marmo","Dur\u00e9e de lecture estim\u00e9e":"1 minute"},"schema":{"@context":"https:\/\/schema.org","@graph":[{"@type":"Article","@id":"https:\/\/www.cristallinamarmo.ch\/fr\/guardiamo-verso-la-sostenibilita\/#article","isPartOf":{"@id":"https:\/\/www.cristallinamarmo.ch\/fr\/guardiamo-verso-la-sostenibilita\/"},"author":{"name":"Cristallina Marmo","@id":"https:\/\/www.cristallinamarmo.ch\/#\/schema\/person\/e6b82b9f318793b59077161cd36b552d"},"headline":"Nous regardons vers la Durabilit\u00e9","datePublished":"2021-08-17T15:03:10+00:00","dateModified":"2021-09-07T12:16:10+00:00","mainEntityOfPage":{"@id":"https:\/\/www.cristallinamarmo.ch\/fr\/guardiamo-verso-la-sostenibilita\/"},"wordCount":143,"publisher":{"@id":"https:\/\/www.cristallinamarmo.ch\/#organization"},"articleSection":["Journal"],"inLanguage":"fr-FR"},{"@type":"WebPage","@id":"https:\/\/www.cristallinamarmo.ch\/fr\/guardiamo-verso-la-sostenibilita\/","url":"https:\/\/www.cristallinamarmo.ch\/fr\/guardiamo-verso-la-sostenibilita\/","name":"Nous regardons vers la Durabilit\u00e9 - Cristallina","isPartOf":{"@id":"https:\/\/www.cristallinamarmo.ch\/#website"},"datePublished":"2021-08-17T15:03:10+00:00","dateModified":"2021-09-07T12:16:10+00:00","description":"Nous regardons vers la Durabilit\u00e9. Les mat\u00e9riaux en exc\u00e8s sont r\u00e9duits par des machines ultramodernes dans la carri\u00e8re et le laboratoire.","breadcrumb":{"@id":"https:\/\/www.cristallinamarmo.ch\/fr\/guardiamo-verso-la-sostenibilita\/#breadcrumb"},"inLanguage":"fr-FR","potentialAction":[{"@type":"ReadAction","target":["https:\/\/www.cristallinamarmo.ch\/fr\/guardiamo-verso-la-sostenibilita\/"]}]},{"@type":"BreadcrumbList","@id":"https:\/\/www.cristallinamarmo.ch\/fr\/guardiamo-verso-la-sostenibilita\/#breadcrumb","itemListElement":[{"@type":"ListItem","position":1,"name":"Home","item":"https:\/\/www.cristallinamarmo.ch\/fr\/"},{"@type":"ListItem","position":2,"name":"Nous regardons vers la Durabilit\u00e9"}]},{"@type":"WebSite","@id":"https:\/\/www.cristallinamarmo.ch\/#website","url":"https:\/\/www.cristallinamarmo.ch\/","name":"Cristallina","description":"The Swiss Marble","publisher":{"@id":"https:\/\/www.cristallinamarmo.ch\/#organization"},"potentialAction":[{"@type":"SearchAction","target":{"@type":"EntryPoint","urlTemplate":"https:\/\/www.cristallinamarmo.ch\/?s={search_term_string}"},"query-input":"required name=search_term_string"}],"inLanguage":"fr-FR"},{"@type":"Organization","@id":"https:\/\/www.cristallinamarmo.ch\/#organization","name":"Cristallina","url":"https:\/\/www.cristallinamarmo.ch\/","logo":{"@type":"ImageObject","inLanguage":"fr-FR","@id":"https:\/\/www.cristallinamarmo.ch\/#\/schema\/logo\/image\/","url":"https:\/\/www.cristallinamarmo.ch\/wp-content\/uploads\/2021\/05\/logo.png","contentUrl":"https:\/\/www.cristallinamarmo.ch\/wp-content\/uploads\/2021\/05\/logo.png","width":500,"height":127,"caption":"Cristallina"},"image":{"@id":"https:\/\/www.cristallinamarmo.ch\/#\/schema\/logo\/image\/"},"sameAs":["https:\/\/www.facebook.com\/cristallinamarmo","https:\/\/www.instagram.com\/cristallina_marmo\/","https:\/\/www.linkedin.com\/company\/cristallina-sa"]},{"@type":"Person","@id":"https:\/\/www.cristallinamarmo.ch\/#\/schema\/person\/e6b82b9f318793b59077161cd36b552d","name":"Cristallina Marmo","image":{"@type":"ImageObject","inLanguage":"fr-FR","@id":"https:\/\/www.cristallinamarmo.ch\/#\/schema\/person\/image\/","url":"https:\/\/secure.gravatar.com\/avatar\/09b1a94c32e1afee933104d1a87225466e99e63ee54e1940c201176642e60c34?s=96&d=mm&r=g","contentUrl":"https:\/\/secure.gravatar.com\/avatar\/09b1a94c32e1afee933104d1a87225466e99e63ee54e1940c201176642e60c34?s=96&d=mm&r=g","caption":"Cristallina Marmo"},"sameAs":["https:\/\/www.instagram.com\/cristallinamarmo.ch\/","https:\/\/www.linkedin.com\/company\/cristallinamarmo\/?viewAsMember=true"],"url":"https:\/\/www.cristallinamarmo.ch\/fr\/author\/cristallina\/"}]}},"_links":{"self":[{"href":"https:\/\/www.cristallinamarmo.ch\/fr\/wp-json\/wp\/v2\/posts\/1834","targetHints":{"allow":["GET"]}}],"collection":[{"href":"https:\/\/www.cristallinamarmo.ch\/fr\/wp-json\/wp\/v2\/posts"}],"about":[{"href":"https:\/\/www.cristallinamarmo.ch\/fr\/wp-json\/wp\/v2\/types\/post"}],"author":[{"embeddable":true,"href":"https:\/\/www.cristallinamarmo.ch\/fr\/wp-json\/wp\/v2\/users\/2"}],"replies":[{"embeddable":true,"href":"https:\/\/www.cristallinamarmo.ch\/fr\/wp-json\/wp\/v2\/comments?post=1834"}],"version-history":[{"count":2,"href":"https:\/\/www.cristallinamarmo.ch\/fr\/wp-json\/wp\/v2\/posts\/1834\/revisions"}],"predecessor-version":[{"id":1843,"href":"https:\/\/www.cristallinamarmo.ch\/fr\/wp-json\/wp\/v2\/posts\/1834\/revisions\/1843"}],"wp:attachment":[{"href":"https:\/\/www.cristallinamarmo.ch\/fr\/wp-json\/wp\/v2\/media?parent=1834"}],"wp:term":[{"taxonomy":"category","embeddable":true,"href":"https:\/\/www.cristallinamarmo.ch\/fr\/wp-json\/wp\/v2\/categories?post=1834"}],"curies":[{"name":"wp","href":"https:\/\/api.w.org\/{rel}","templated":true}]}}