{"id":2050,"date":"2021-09-24T08:11:33","date_gmt":"2021-09-24T06:11:33","guid":{"rendered":"https:\/\/www.cristallinamarmo.ch\/peccia-e-il-marmo-cristallina\/"},"modified":"2021-09-30T15:32:37","modified_gmt":"2021-09-30T13:32:37","slug":"peccia-et-le-marbre-cristallina","status":"publish","type":"post","link":"https:\/\/www.cristallinamarmo.ch\/fr\/peccia-et-le-marbre-cristallina\/","title":{"rendered":"\u00c0 la d\u00e9couverte de Peccia et de son marbre"},"content":{"rendered":"<p>L&rsquo;\u00e9quipe de Landuf, Landab, ainsi que Nicole Bircher, ont visit\u00e9 notre carri\u00e8re de marbre Cristallina (Peccia) et ont captur\u00e9 ces magnifiques images.<\/p>\n<p>\u00c0 travers le voyage de Nicole Bircher dans la vall\u00e9e de Maggia, vous d\u00e9couvrirez notre carri\u00e8re Cristallina et le travail du marbre \u00e0 l&rsquo;\u00e9cole de sculpture de Peccia. Alex Naef, propri\u00e9taire de l&rsquo;\u00e9cole avec son \u00e9pouse Almute Grossmann-Naef, parle du marbre, de l&rsquo;art et de l&rsquo;\u00e9cole.<\/p>\n","protected":false},"excerpt":{"rendered":"<p>L&rsquo;\u00e9quipe de Landuf, Landab, ainsi que Nicole Bircher, ont visit\u00e9 notre carri\u00e8re de marbre Cristallina (Peccia) et ont captur\u00e9 ces magnifiques images. \u00c0 travers le voyage de Nicole Bircher dans la vall\u00e9e de Maggia, vous d\u00e9couvrirez notre carri\u00e8re Cristallina et&#8230;<\/p>\n","protected":false},"author":2,"featured_media":0,"comment_status":"closed","ping_status":"closed","sticky":false,"template":"","format":"standard","meta":{"footnotes":""},"categories":[3],"class_list":["post-2050","post","type-post","status-publish","format-standard","hentry","category-journal-fr"],"yoast_head":"<!-- This site is optimized with the Yoast SEO plugin v21.2 - https:\/\/yoast.com\/wordpress\/plugins\/seo\/ -->\n<title>\u00c0 la d\u00e9couverte de Peccia et de son marbre - Cristallina<\/title>\n<meta name=\"description\" content=\"Peccia et le marbre Cristallina sur Landuf, Landab - SAT1! D\u00e9couvrez la carri\u00e8re de marbre Cristallina, l&#039;histoire de l&#039;\u00e9cole de sculpture et la vall\u00e9e de Peccia.\" \/>\n<meta name=\"robots\" content=\"index, follow, max-snippet:-1, max-image-preview:large, max-video-preview:-1\" \/>\n<link rel=\"canonical\" href=\"https:\/\/www.cristallinamarmo.ch\/fr\/peccia-et-le-marbre-cristallina\/\" \/>\n<meta property=\"og:locale\" content=\"fr_FR\" \/>\n<meta property=\"og:type\" content=\"article\" \/>\n<meta property=\"og:title\" content=\"\u00c0 la d\u00e9couverte de Peccia et de son marbre - Cristallina\" \/>\n<meta property=\"og:description\" content=\"Peccia et le marbre Cristallina sur Landuf, Landab - SAT1! D\u00e9couvrez la carri\u00e8re de marbre Cristallina, l&#039;histoire de l&#039;\u00e9cole de sculpture et la vall\u00e9e de Peccia.\" \/>\n<meta property=\"og:url\" content=\"https:\/\/www.cristallinamarmo.ch\/fr\/peccia-et-le-marbre-cristallina\/\" \/>\n<meta property=\"og:site_name\" content=\"Cristallina\" \/>\n<meta property=\"article:publisher\" content=\"https:\/\/www.facebook.com\/cristallinamarmo\" \/>\n<meta property=\"article:published_time\" content=\"2021-09-24T06:11:33+00:00\" \/>\n<meta property=\"article:modified_time\" content=\"2021-09-30T13:32:37+00:00\" \/>\n<meta name=\"author\" content=\"Cristallina Marmo\" \/>\n<meta name=\"twitter:card\" content=\"summary_large_image\" \/>\n<meta name=\"twitter:label1\" content=\"\u00c9crit par\" \/>\n\t<meta name=\"twitter:data1\" content=\"Cristallina Marmo\" \/>\n\t<meta name=\"twitter:label2\" content=\"Dur\u00e9e de lecture estim\u00e9e\" \/>\n\t<meta name=\"twitter:data2\" content=\"1 minute\" \/>\n<script type=\"application\/ld+json\" class=\"yoast-schema-graph\">{\"@context\":\"https:\/\/schema.org\",\"@graph\":[{\"@type\":\"Article\",\"@id\":\"https:\/\/www.cristallinamarmo.ch\/fr\/peccia-et-le-marbre-cristallina\/#article\",\"isPartOf\":{\"@id\":\"https:\/\/www.cristallinamarmo.ch\/fr\/peccia-et-le-marbre-cristallina\/\"},\"author\":{\"name\":\"Cristallina Marmo\",\"@id\":\"https:\/\/www.cristallinamarmo.ch\/#\/schema\/person\/e6b82b9f318793b59077161cd36b552d\"},\"headline\":\"\u00c0 la d\u00e9couverte de Peccia et de son marbre\",\"datePublished\":\"2021-09-24T06:11:33+00:00\",\"dateModified\":\"2021-09-30T13:32:37+00:00\",\"mainEntityOfPage\":{\"@id\":\"https:\/\/www.cristallinamarmo.ch\/fr\/peccia-et-le-marbre-cristallina\/\"},\"wordCount\":85,\"publisher\":{\"@id\":\"https:\/\/www.cristallinamarmo.ch\/#organization\"},\"articleSection\":[\"Journal\"],\"inLanguage\":\"fr-FR\"},{\"@type\":\"WebPage\",\"@id\":\"https:\/\/www.cristallinamarmo.ch\/fr\/peccia-et-le-marbre-cristallina\/\",\"url\":\"https:\/\/www.cristallinamarmo.ch\/fr\/peccia-et-le-marbre-cristallina\/\",\"name\":\"\u00c0 la d\u00e9couverte de Peccia et de son marbre - Cristallina\",\"isPartOf\":{\"@id\":\"https:\/\/www.cristallinamarmo.ch\/#website\"},\"datePublished\":\"2021-09-24T06:11:33+00:00\",\"dateModified\":\"2021-09-30T13:32:37+00:00\",\"description\":\"Peccia et le marbre Cristallina sur Landuf, Landab - SAT1! D\u00e9couvrez la carri\u00e8re de marbre Cristallina, l'histoire de l'\u00e9cole de sculpture et la vall\u00e9e de Peccia.\",\"breadcrumb\":{\"@id\":\"https:\/\/www.cristallinamarmo.ch\/fr\/peccia-et-le-marbre-cristallina\/#breadcrumb\"},\"inLanguage\":\"fr-FR\",\"potentialAction\":[{\"@type\":\"ReadAction\",\"target\":[\"https:\/\/www.cristallinamarmo.ch\/fr\/peccia-et-le-marbre-cristallina\/\"]}]},{\"@type\":\"BreadcrumbList\",\"@id\":\"https:\/\/www.cristallinamarmo.ch\/fr\/peccia-et-le-marbre-cristallina\/#breadcrumb\",\"itemListElement\":[{\"@type\":\"ListItem\",\"position\":1,\"name\":\"Home\",\"item\":\"https:\/\/www.cristallinamarmo.ch\/fr\/\"},{\"@type\":\"ListItem\",\"position\":2,\"name\":\"\u00c0 la d\u00e9couverte de Peccia et de son marbre\"}]},{\"@type\":\"WebSite\",\"@id\":\"https:\/\/www.cristallinamarmo.ch\/#website\",\"url\":\"https:\/\/www.cristallinamarmo.ch\/\",\"name\":\"Cristallina\",\"description\":\"The Swiss Marble\",\"publisher\":{\"@id\":\"https:\/\/www.cristallinamarmo.ch\/#organization\"},\"potentialAction\":[{\"@type\":\"SearchAction\",\"target\":{\"@type\":\"EntryPoint\",\"urlTemplate\":\"https:\/\/www.cristallinamarmo.ch\/?s={search_term_string}\"},\"query-input\":\"required name=search_term_string\"}],\"inLanguage\":\"fr-FR\"},{\"@type\":\"Organization\",\"@id\":\"https:\/\/www.cristallinamarmo.ch\/#organization\",\"name\":\"Cristallina\",\"url\":\"https:\/\/www.cristallinamarmo.ch\/\",\"logo\":{\"@type\":\"ImageObject\",\"inLanguage\":\"fr-FR\",\"@id\":\"https:\/\/www.cristallinamarmo.ch\/#\/schema\/logo\/image\/\",\"url\":\"https:\/\/www.cristallinamarmo.ch\/wp-content\/uploads\/2021\/05\/logo.png\",\"contentUrl\":\"https:\/\/www.cristallinamarmo.ch\/wp-content\/uploads\/2021\/05\/logo.png\",\"width\":500,\"height\":127,\"caption\":\"Cristallina\"},\"image\":{\"@id\":\"https:\/\/www.cristallinamarmo.ch\/#\/schema\/logo\/image\/\"},\"sameAs\":[\"https:\/\/www.facebook.com\/cristallinamarmo\",\"https:\/\/www.instagram.com\/cristallina_marmo\/\",\"https:\/\/www.linkedin.com\/company\/cristallina-sa\"]},{\"@type\":\"Person\",\"@id\":\"https:\/\/www.cristallinamarmo.ch\/#\/schema\/person\/e6b82b9f318793b59077161cd36b552d\",\"name\":\"Cristallina Marmo\",\"image\":{\"@type\":\"ImageObject\",\"inLanguage\":\"fr-FR\",\"@id\":\"https:\/\/www.cristallinamarmo.ch\/#\/schema\/person\/image\/\",\"url\":\"https:\/\/secure.gravatar.com\/avatar\/09b1a94c32e1afee933104d1a87225466e99e63ee54e1940c201176642e60c34?s=96&d=mm&r=g\",\"contentUrl\":\"https:\/\/secure.gravatar.com\/avatar\/09b1a94c32e1afee933104d1a87225466e99e63ee54e1940c201176642e60c34?s=96&d=mm&r=g\",\"caption\":\"Cristallina Marmo\"},\"sameAs\":[\"https:\/\/www.instagram.com\/cristallinamarmo.ch\/\",\"https:\/\/www.linkedin.com\/company\/cristallinamarmo\/?viewAsMember=true\"],\"url\":\"https:\/\/www.cristallinamarmo.ch\/fr\/author\/cristallina\/\"}]}<\/script>\n<!-- \/ Yoast SEO plugin. -->","yoast_head_json":{"title":"\u00c0 la d\u00e9couverte de Peccia et de son marbre - Cristallina","description":"Peccia et le marbre Cristallina sur Landuf, Landab - SAT1! D\u00e9couvrez la carri\u00e8re de marbre Cristallina, l'histoire de l'\u00e9cole de sculpture et la vall\u00e9e de Peccia.","robots":{"index":"index","follow":"follow","max-snippet":"max-snippet:-1","max-image-preview":"max-image-preview:large","max-video-preview":"max-video-preview:-1"},"canonical":"https:\/\/www.cristallinamarmo.ch\/fr\/peccia-et-le-marbre-cristallina\/","og_locale":"fr_FR","og_type":"article","og_title":"\u00c0 la d\u00e9couverte de Peccia et de son marbre - Cristallina","og_description":"Peccia et le marbre Cristallina sur Landuf, Landab - SAT1! D\u00e9couvrez la carri\u00e8re de marbre Cristallina, l'histoire de l'\u00e9cole de sculpture et la vall\u00e9e de Peccia.","og_url":"https:\/\/www.cristallinamarmo.ch\/fr\/peccia-et-le-marbre-cristallina\/","og_site_name":"Cristallina","article_publisher":"https:\/\/www.facebook.com\/cristallinamarmo","article_published_time":"2021-09-24T06:11:33+00:00","article_modified_time":"2021-09-30T13:32:37+00:00","author":"Cristallina Marmo","twitter_card":"summary_large_image","twitter_misc":{"\u00c9crit par":"Cristallina Marmo","Dur\u00e9e de lecture estim\u00e9e":"1 minute"},"schema":{"@context":"https:\/\/schema.org","@graph":[{"@type":"Article","@id":"https:\/\/www.cristallinamarmo.ch\/fr\/peccia-et-le-marbre-cristallina\/#article","isPartOf":{"@id":"https:\/\/www.cristallinamarmo.ch\/fr\/peccia-et-le-marbre-cristallina\/"},"author":{"name":"Cristallina Marmo","@id":"https:\/\/www.cristallinamarmo.ch\/#\/schema\/person\/e6b82b9f318793b59077161cd36b552d"},"headline":"\u00c0 la d\u00e9couverte de Peccia et de son marbre","datePublished":"2021-09-24T06:11:33+00:00","dateModified":"2021-09-30T13:32:37+00:00","mainEntityOfPage":{"@id":"https:\/\/www.cristallinamarmo.ch\/fr\/peccia-et-le-marbre-cristallina\/"},"wordCount":85,"publisher":{"@id":"https:\/\/www.cristallinamarmo.ch\/#organization"},"articleSection":["Journal"],"inLanguage":"fr-FR"},{"@type":"WebPage","@id":"https:\/\/www.cristallinamarmo.ch\/fr\/peccia-et-le-marbre-cristallina\/","url":"https:\/\/www.cristallinamarmo.ch\/fr\/peccia-et-le-marbre-cristallina\/","name":"\u00c0 la d\u00e9couverte de Peccia et de son marbre - Cristallina","isPartOf":{"@id":"https:\/\/www.cristallinamarmo.ch\/#website"},"datePublished":"2021-09-24T06:11:33+00:00","dateModified":"2021-09-30T13:32:37+00:00","description":"Peccia et le marbre Cristallina sur Landuf, Landab - SAT1! D\u00e9couvrez la carri\u00e8re de marbre Cristallina, l'histoire de l'\u00e9cole de sculpture et la vall\u00e9e de Peccia.","breadcrumb":{"@id":"https:\/\/www.cristallinamarmo.ch\/fr\/peccia-et-le-marbre-cristallina\/#breadcrumb"},"inLanguage":"fr-FR","potentialAction":[{"@type":"ReadAction","target":["https:\/\/www.cristallinamarmo.ch\/fr\/peccia-et-le-marbre-cristallina\/"]}]},{"@type":"BreadcrumbList","@id":"https:\/\/www.cristallinamarmo.ch\/fr\/peccia-et-le-marbre-cristallina\/#breadcrumb","itemListElement":[{"@type":"ListItem","position":1,"name":"Home","item":"https:\/\/www.cristallinamarmo.ch\/fr\/"},{"@type":"ListItem","position":2,"name":"\u00c0 la d\u00e9couverte de Peccia et de son marbre"}]},{"@type":"WebSite","@id":"https:\/\/www.cristallinamarmo.ch\/#website","url":"https:\/\/www.cristallinamarmo.ch\/","name":"Cristallina","description":"The Swiss Marble","publisher":{"@id":"https:\/\/www.cristallinamarmo.ch\/#organization"},"potentialAction":[{"@type":"SearchAction","target":{"@type":"EntryPoint","urlTemplate":"https:\/\/www.cristallinamarmo.ch\/?s={search_term_string}"},"query-input":"required name=search_term_string"}],"inLanguage":"fr-FR"},{"@type":"Organization","@id":"https:\/\/www.cristallinamarmo.ch\/#organization","name":"Cristallina","url":"https:\/\/www.cristallinamarmo.ch\/","logo":{"@type":"ImageObject","inLanguage":"fr-FR","@id":"https:\/\/www.cristallinamarmo.ch\/#\/schema\/logo\/image\/","url":"https:\/\/www.cristallinamarmo.ch\/wp-content\/uploads\/2021\/05\/logo.png","contentUrl":"https:\/\/www.cristallinamarmo.ch\/wp-content\/uploads\/2021\/05\/logo.png","width":500,"height":127,"caption":"Cristallina"},"image":{"@id":"https:\/\/www.cristallinamarmo.ch\/#\/schema\/logo\/image\/"},"sameAs":["https:\/\/www.facebook.com\/cristallinamarmo","https:\/\/www.instagram.com\/cristallina_marmo\/","https:\/\/www.linkedin.com\/company\/cristallina-sa"]},{"@type":"Person","@id":"https:\/\/www.cristallinamarmo.ch\/#\/schema\/person\/e6b82b9f318793b59077161cd36b552d","name":"Cristallina Marmo","image":{"@type":"ImageObject","inLanguage":"fr-FR","@id":"https:\/\/www.cristallinamarmo.ch\/#\/schema\/person\/image\/","url":"https:\/\/secure.gravatar.com\/avatar\/09b1a94c32e1afee933104d1a87225466e99e63ee54e1940c201176642e60c34?s=96&d=mm&r=g","contentUrl":"https:\/\/secure.gravatar.com\/avatar\/09b1a94c32e1afee933104d1a87225466e99e63ee54e1940c201176642e60c34?s=96&d=mm&r=g","caption":"Cristallina Marmo"},"sameAs":["https:\/\/www.instagram.com\/cristallinamarmo.ch\/","https:\/\/www.linkedin.com\/company\/cristallinamarmo\/?viewAsMember=true"],"url":"https:\/\/www.cristallinamarmo.ch\/fr\/author\/cristallina\/"}]}},"_links":{"self":[{"href":"https:\/\/www.cristallinamarmo.ch\/fr\/wp-json\/wp\/v2\/posts\/2050","targetHints":{"allow":["GET"]}}],"collection":[{"href":"https:\/\/www.cristallinamarmo.ch\/fr\/wp-json\/wp\/v2\/posts"}],"about":[{"href":"https:\/\/www.cristallinamarmo.ch\/fr\/wp-json\/wp\/v2\/types\/post"}],"author":[{"embeddable":true,"href":"https:\/\/www.cristallinamarmo.ch\/fr\/wp-json\/wp\/v2\/users\/2"}],"replies":[{"embeddable":true,"href":"https:\/\/www.cristallinamarmo.ch\/fr\/wp-json\/wp\/v2\/comments?post=2050"}],"version-history":[{"count":2,"href":"https:\/\/www.cristallinamarmo.ch\/fr\/wp-json\/wp\/v2\/posts\/2050\/revisions"}],"predecessor-version":[{"id":2057,"href":"https:\/\/www.cristallinamarmo.ch\/fr\/wp-json\/wp\/v2\/posts\/2050\/revisions\/2057"}],"wp:attachment":[{"href":"https:\/\/www.cristallinamarmo.ch\/fr\/wp-json\/wp\/v2\/media?parent=2050"}],"wp:term":[{"taxonomy":"category","embeddable":true,"href":"https:\/\/www.cristallinamarmo.ch\/fr\/wp-json\/wp\/v2\/categories?post=2050"}],"curies":[{"name":"wp","href":"https:\/\/api.w.org\/{rel}","templated":true}]}}