{"id":2208,"date":"2022-01-11T16:18:38","date_gmt":"2022-01-11T15:18:38","guid":{"rendered":"https:\/\/www.cristallinamarmo.ch\/marmo-pietra-e-viaggi\/"},"modified":"2022-01-11T16:39:56","modified_gmt":"2022-01-11T15:39:56","slug":"marmo-pietra-e-viaggi","status":"publish","type":"post","link":"https:\/\/www.cristallinamarmo.ch\/fr\/marmo-pietra-e-viaggi\/","title":{"rendered":"Marbre, pierre et voyages"},"content":{"rendered":"<p>En septembre 2021, Dinah Leuenberger, journaliste du magazine Migros, a visit\u00e9 notre carri\u00e8re de marbre Cristallina pour en savoir plus sur cette pierre naturelle.<\/p>\n<p>Apr\u00e8s avoir visit\u00e9 la carri\u00e8re de marbre et la vall\u00e9e de Peccia, elle a \u00e9crit un bel article, que vous pouvez lire en cliquant <strong><a href=\"https:\/\/mega.nz\/file\/CEBSSBoB#8lo0SgvcnWDMuhJF9vXReu8yUxvZ3c2yZzTUT20X5jc\">ICI<\/a><\/strong>.<\/p>\n<p>Dans son article, la journaliste n&rsquo;a pas seulement parl\u00e9 du marbre de Cristallina et de son histoire, mais aussi de l&rsquo;art pr\u00e9sent \u00e0 Peccia gr\u00e2ce \u00e0 l&rsquo;\u00c9cole de sculpture (<a href=\"https:\/\/www.scultura.ch\/it\">Scuola di Scultura<\/a>) et au nouveau Centre international de sculpture (<a href=\"https:\/\/www.centroscultura.ch\/it\">Centro Internazionale di Scultura<\/a>) o\u00f9 notre marbre suisse est sculpt\u00e9.<\/p>\n<p>Non seulement la pierre et l&rsquo;art, mais aussi la nourriture! \u00c0 Peccia se trouve le Grotto Pozzasc, une merveilleuse grotte immerg\u00e9e dans la nature o\u00f9 vous pourrez d\u00e9guster la classique polenta cuite \u00e0 la mani\u00e8re traditionnelle dans une grande marmite pr\u00e8s de la chemin\u00e9e.<\/p>\n","protected":false},"excerpt":{"rendered":"<p>En septembre 2021, Dinah Leuenberger, journaliste du magazine Migros, a visit\u00e9 notre carri\u00e8re de marbre Cristallina pour en savoir plus sur cette pierre naturelle. Apr\u00e8s avoir visit\u00e9 la carri\u00e8re de marbre et la vall\u00e9e de Peccia, elle a \u00e9crit un&#8230;<\/p>\n","protected":false},"author":2,"featured_media":0,"comment_status":"closed","ping_status":"closed","sticky":false,"template":"","format":"standard","meta":{"footnotes":""},"categories":[3],"class_list":["post-2208","post","type-post","status-publish","format-standard","hentry","category-journal-fr"],"yoast_head":"<!-- This site is optimized with the Yoast SEO plugin v21.2 - https:\/\/yoast.com\/wordpress\/plugins\/seo\/ -->\n<title>Marbre, pierre et voyages - Cristallina<\/title>\n<meta name=\"robots\" content=\"index, follow, max-snippet:-1, max-image-preview:large, max-video-preview:-1\" \/>\n<link rel=\"canonical\" href=\"https:\/\/www.cristallinamarmo.ch\/fr\/marmo-pietra-e-viaggi\/\" \/>\n<meta property=\"og:locale\" content=\"fr_FR\" \/>\n<meta property=\"og:type\" content=\"article\" \/>\n<meta property=\"og:title\" content=\"Marbre, pierre et voyages - Cristallina\" \/>\n<meta property=\"og:description\" content=\"En septembre 2021, Dinah Leuenberger, journaliste du magazine Migros, a visit\u00e9 notre carri\u00e8re de marbre Cristallina pour en savoir plus sur cette pierre naturelle. Apr\u00e8s avoir visit\u00e9 la carri\u00e8re de marbre et la vall\u00e9e de Peccia, elle a \u00e9crit un...\" \/>\n<meta property=\"og:url\" content=\"https:\/\/www.cristallinamarmo.ch\/fr\/marmo-pietra-e-viaggi\/\" \/>\n<meta property=\"og:site_name\" content=\"Cristallina\" \/>\n<meta property=\"article:publisher\" content=\"https:\/\/www.facebook.com\/cristallinamarmo\" \/>\n<meta property=\"article:published_time\" content=\"2022-01-11T15:18:38+00:00\" \/>\n<meta property=\"article:modified_time\" content=\"2022-01-11T15:39:56+00:00\" \/>\n<meta name=\"author\" content=\"Cristallina Marmo\" \/>\n<meta name=\"twitter:card\" content=\"summary_large_image\" \/>\n<meta name=\"twitter:label1\" content=\"\u00c9crit par\" \/>\n\t<meta name=\"twitter:data1\" content=\"Cristallina Marmo\" \/>\n\t<meta name=\"twitter:label2\" content=\"Dur\u00e9e de lecture estim\u00e9e\" \/>\n\t<meta name=\"twitter:data2\" content=\"1 minute\" \/>\n<script type=\"application\/ld+json\" class=\"yoast-schema-graph\">{\"@context\":\"https:\/\/schema.org\",\"@graph\":[{\"@type\":\"Article\",\"@id\":\"https:\/\/www.cristallinamarmo.ch\/fr\/marmo-pietra-e-viaggi\/#article\",\"isPartOf\":{\"@id\":\"https:\/\/www.cristallinamarmo.ch\/fr\/marmo-pietra-e-viaggi\/\"},\"author\":{\"name\":\"Cristallina Marmo\",\"@id\":\"https:\/\/www.cristallinamarmo.ch\/#\/schema\/person\/e6b82b9f318793b59077161cd36b552d\"},\"headline\":\"Marbre, pierre et voyages\",\"datePublished\":\"2022-01-11T15:18:38+00:00\",\"dateModified\":\"2022-01-11T15:39:56+00:00\",\"mainEntityOfPage\":{\"@id\":\"https:\/\/www.cristallinamarmo.ch\/fr\/marmo-pietra-e-viaggi\/\"},\"wordCount\":156,\"publisher\":{\"@id\":\"https:\/\/www.cristallinamarmo.ch\/#organization\"},\"articleSection\":[\"Journal\"],\"inLanguage\":\"fr-FR\"},{\"@type\":\"WebPage\",\"@id\":\"https:\/\/www.cristallinamarmo.ch\/fr\/marmo-pietra-e-viaggi\/\",\"url\":\"https:\/\/www.cristallinamarmo.ch\/fr\/marmo-pietra-e-viaggi\/\",\"name\":\"Marbre, pierre et voyages - Cristallina\",\"isPartOf\":{\"@id\":\"https:\/\/www.cristallinamarmo.ch\/#website\"},\"datePublished\":\"2022-01-11T15:18:38+00:00\",\"dateModified\":\"2022-01-11T15:39:56+00:00\",\"breadcrumb\":{\"@id\":\"https:\/\/www.cristallinamarmo.ch\/fr\/marmo-pietra-e-viaggi\/#breadcrumb\"},\"inLanguage\":\"fr-FR\",\"potentialAction\":[{\"@type\":\"ReadAction\",\"target\":[\"https:\/\/www.cristallinamarmo.ch\/fr\/marmo-pietra-e-viaggi\/\"]}]},{\"@type\":\"BreadcrumbList\",\"@id\":\"https:\/\/www.cristallinamarmo.ch\/fr\/marmo-pietra-e-viaggi\/#breadcrumb\",\"itemListElement\":[{\"@type\":\"ListItem\",\"position\":1,\"name\":\"Home\",\"item\":\"https:\/\/www.cristallinamarmo.ch\/fr\/\"},{\"@type\":\"ListItem\",\"position\":2,\"name\":\"Marbre, pierre et voyages\"}]},{\"@type\":\"WebSite\",\"@id\":\"https:\/\/www.cristallinamarmo.ch\/#website\",\"url\":\"https:\/\/www.cristallinamarmo.ch\/\",\"name\":\"Cristallina\",\"description\":\"The Swiss Marble\",\"publisher\":{\"@id\":\"https:\/\/www.cristallinamarmo.ch\/#organization\"},\"potentialAction\":[{\"@type\":\"SearchAction\",\"target\":{\"@type\":\"EntryPoint\",\"urlTemplate\":\"https:\/\/www.cristallinamarmo.ch\/?s={search_term_string}\"},\"query-input\":\"required name=search_term_string\"}],\"inLanguage\":\"fr-FR\"},{\"@type\":\"Organization\",\"@id\":\"https:\/\/www.cristallinamarmo.ch\/#organization\",\"name\":\"Cristallina\",\"url\":\"https:\/\/www.cristallinamarmo.ch\/\",\"logo\":{\"@type\":\"ImageObject\",\"inLanguage\":\"fr-FR\",\"@id\":\"https:\/\/www.cristallinamarmo.ch\/#\/schema\/logo\/image\/\",\"url\":\"https:\/\/www.cristallinamarmo.ch\/wp-content\/uploads\/2021\/05\/logo.png\",\"contentUrl\":\"https:\/\/www.cristallinamarmo.ch\/wp-content\/uploads\/2021\/05\/logo.png\",\"width\":500,\"height\":127,\"caption\":\"Cristallina\"},\"image\":{\"@id\":\"https:\/\/www.cristallinamarmo.ch\/#\/schema\/logo\/image\/\"},\"sameAs\":[\"https:\/\/www.facebook.com\/cristallinamarmo\",\"https:\/\/www.instagram.com\/cristallina_marmo\/\",\"https:\/\/www.linkedin.com\/company\/cristallina-sa\"]},{\"@type\":\"Person\",\"@id\":\"https:\/\/www.cristallinamarmo.ch\/#\/schema\/person\/e6b82b9f318793b59077161cd36b552d\",\"name\":\"Cristallina Marmo\",\"image\":{\"@type\":\"ImageObject\",\"inLanguage\":\"fr-FR\",\"@id\":\"https:\/\/www.cristallinamarmo.ch\/#\/schema\/person\/image\/\",\"url\":\"https:\/\/secure.gravatar.com\/avatar\/09b1a94c32e1afee933104d1a87225466e99e63ee54e1940c201176642e60c34?s=96&d=mm&r=g\",\"contentUrl\":\"https:\/\/secure.gravatar.com\/avatar\/09b1a94c32e1afee933104d1a87225466e99e63ee54e1940c201176642e60c34?s=96&d=mm&r=g\",\"caption\":\"Cristallina Marmo\"},\"sameAs\":[\"https:\/\/www.instagram.com\/cristallinamarmo.ch\/\",\"https:\/\/www.linkedin.com\/company\/cristallinamarmo\/?viewAsMember=true\"],\"url\":\"https:\/\/www.cristallinamarmo.ch\/fr\/author\/cristallina\/\"}]}<\/script>\n<!-- \/ Yoast SEO plugin. -->","yoast_head_json":{"title":"Marbre, pierre et voyages - Cristallina","robots":{"index":"index","follow":"follow","max-snippet":"max-snippet:-1","max-image-preview":"max-image-preview:large","max-video-preview":"max-video-preview:-1"},"canonical":"https:\/\/www.cristallinamarmo.ch\/fr\/marmo-pietra-e-viaggi\/","og_locale":"fr_FR","og_type":"article","og_title":"Marbre, pierre et voyages - Cristallina","og_description":"En septembre 2021, Dinah Leuenberger, journaliste du magazine Migros, a visit\u00e9 notre carri\u00e8re de marbre Cristallina pour en savoir plus sur cette pierre naturelle. Apr\u00e8s avoir visit\u00e9 la carri\u00e8re de marbre et la vall\u00e9e de Peccia, elle a \u00e9crit un...","og_url":"https:\/\/www.cristallinamarmo.ch\/fr\/marmo-pietra-e-viaggi\/","og_site_name":"Cristallina","article_publisher":"https:\/\/www.facebook.com\/cristallinamarmo","article_published_time":"2022-01-11T15:18:38+00:00","article_modified_time":"2022-01-11T15:39:56+00:00","author":"Cristallina Marmo","twitter_card":"summary_large_image","twitter_misc":{"\u00c9crit par":"Cristallina Marmo","Dur\u00e9e de lecture estim\u00e9e":"1 minute"},"schema":{"@context":"https:\/\/schema.org","@graph":[{"@type":"Article","@id":"https:\/\/www.cristallinamarmo.ch\/fr\/marmo-pietra-e-viaggi\/#article","isPartOf":{"@id":"https:\/\/www.cristallinamarmo.ch\/fr\/marmo-pietra-e-viaggi\/"},"author":{"name":"Cristallina Marmo","@id":"https:\/\/www.cristallinamarmo.ch\/#\/schema\/person\/e6b82b9f318793b59077161cd36b552d"},"headline":"Marbre, pierre et voyages","datePublished":"2022-01-11T15:18:38+00:00","dateModified":"2022-01-11T15:39:56+00:00","mainEntityOfPage":{"@id":"https:\/\/www.cristallinamarmo.ch\/fr\/marmo-pietra-e-viaggi\/"},"wordCount":156,"publisher":{"@id":"https:\/\/www.cristallinamarmo.ch\/#organization"},"articleSection":["Journal"],"inLanguage":"fr-FR"},{"@type":"WebPage","@id":"https:\/\/www.cristallinamarmo.ch\/fr\/marmo-pietra-e-viaggi\/","url":"https:\/\/www.cristallinamarmo.ch\/fr\/marmo-pietra-e-viaggi\/","name":"Marbre, pierre et voyages - Cristallina","isPartOf":{"@id":"https:\/\/www.cristallinamarmo.ch\/#website"},"datePublished":"2022-01-11T15:18:38+00:00","dateModified":"2022-01-11T15:39:56+00:00","breadcrumb":{"@id":"https:\/\/www.cristallinamarmo.ch\/fr\/marmo-pietra-e-viaggi\/#breadcrumb"},"inLanguage":"fr-FR","potentialAction":[{"@type":"ReadAction","target":["https:\/\/www.cristallinamarmo.ch\/fr\/marmo-pietra-e-viaggi\/"]}]},{"@type":"BreadcrumbList","@id":"https:\/\/www.cristallinamarmo.ch\/fr\/marmo-pietra-e-viaggi\/#breadcrumb","itemListElement":[{"@type":"ListItem","position":1,"name":"Home","item":"https:\/\/www.cristallinamarmo.ch\/fr\/"},{"@type":"ListItem","position":2,"name":"Marbre, pierre et voyages"}]},{"@type":"WebSite","@id":"https:\/\/www.cristallinamarmo.ch\/#website","url":"https:\/\/www.cristallinamarmo.ch\/","name":"Cristallina","description":"The Swiss Marble","publisher":{"@id":"https:\/\/www.cristallinamarmo.ch\/#organization"},"potentialAction":[{"@type":"SearchAction","target":{"@type":"EntryPoint","urlTemplate":"https:\/\/www.cristallinamarmo.ch\/?s={search_term_string}"},"query-input":"required name=search_term_string"}],"inLanguage":"fr-FR"},{"@type":"Organization","@id":"https:\/\/www.cristallinamarmo.ch\/#organization","name":"Cristallina","url":"https:\/\/www.cristallinamarmo.ch\/","logo":{"@type":"ImageObject","inLanguage":"fr-FR","@id":"https:\/\/www.cristallinamarmo.ch\/#\/schema\/logo\/image\/","url":"https:\/\/www.cristallinamarmo.ch\/wp-content\/uploads\/2021\/05\/logo.png","contentUrl":"https:\/\/www.cristallinamarmo.ch\/wp-content\/uploads\/2021\/05\/logo.png","width":500,"height":127,"caption":"Cristallina"},"image":{"@id":"https:\/\/www.cristallinamarmo.ch\/#\/schema\/logo\/image\/"},"sameAs":["https:\/\/www.facebook.com\/cristallinamarmo","https:\/\/www.instagram.com\/cristallina_marmo\/","https:\/\/www.linkedin.com\/company\/cristallina-sa"]},{"@type":"Person","@id":"https:\/\/www.cristallinamarmo.ch\/#\/schema\/person\/e6b82b9f318793b59077161cd36b552d","name":"Cristallina Marmo","image":{"@type":"ImageObject","inLanguage":"fr-FR","@id":"https:\/\/www.cristallinamarmo.ch\/#\/schema\/person\/image\/","url":"https:\/\/secure.gravatar.com\/avatar\/09b1a94c32e1afee933104d1a87225466e99e63ee54e1940c201176642e60c34?s=96&d=mm&r=g","contentUrl":"https:\/\/secure.gravatar.com\/avatar\/09b1a94c32e1afee933104d1a87225466e99e63ee54e1940c201176642e60c34?s=96&d=mm&r=g","caption":"Cristallina Marmo"},"sameAs":["https:\/\/www.instagram.com\/cristallinamarmo.ch\/","https:\/\/www.linkedin.com\/company\/cristallinamarmo\/?viewAsMember=true"],"url":"https:\/\/www.cristallinamarmo.ch\/fr\/author\/cristallina\/"}]}},"_links":{"self":[{"href":"https:\/\/www.cristallinamarmo.ch\/fr\/wp-json\/wp\/v2\/posts\/2208","targetHints":{"allow":["GET"]}}],"collection":[{"href":"https:\/\/www.cristallinamarmo.ch\/fr\/wp-json\/wp\/v2\/posts"}],"about":[{"href":"https:\/\/www.cristallinamarmo.ch\/fr\/wp-json\/wp\/v2\/types\/post"}],"author":[{"embeddable":true,"href":"https:\/\/www.cristallinamarmo.ch\/fr\/wp-json\/wp\/v2\/users\/2"}],"replies":[{"embeddable":true,"href":"https:\/\/www.cristallinamarmo.ch\/fr\/wp-json\/wp\/v2\/comments?post=2208"}],"version-history":[{"count":2,"href":"https:\/\/www.cristallinamarmo.ch\/fr\/wp-json\/wp\/v2\/posts\/2208\/revisions"}],"predecessor-version":[{"id":2218,"href":"https:\/\/www.cristallinamarmo.ch\/fr\/wp-json\/wp\/v2\/posts\/2208\/revisions\/2218"}],"wp:attachment":[{"href":"https:\/\/www.cristallinamarmo.ch\/fr\/wp-json\/wp\/v2\/media?parent=2208"}],"wp:term":[{"taxonomy":"category","embeddable":true,"href":"https:\/\/www.cristallinamarmo.ch\/fr\/wp-json\/wp\/v2\/categories?post=2208"}],"curies":[{"name":"wp","href":"https:\/\/api.w.org\/{rel}","templated":true}]}}