{"id":2402,"date":"2022-09-20T15:17:26","date_gmt":"2022-09-20T13:17:26","guid":{"rendered":"https:\/\/www.cristallinamarmo.ch\/giardini-zen-e-arte-nel-verde\/"},"modified":"2022-09-21T08:21:42","modified_gmt":"2022-09-21T06:21:42","slug":"giardini-zen-e-arte-nel-verde","status":"publish","type":"post","link":"https:\/\/www.cristallinamarmo.ch\/fr\/giardini-zen-e-arte-nel-verde\/","title":{"rendered":"Jardins zen et art dans le vert"},"content":{"rendered":"<h3><strong>Calcestre et granulats de marbre Cristallina<\/strong><\/h3>\n<p>Outre les classiques dalles pour sols de diff\u00e9rentes tailles et de diff\u00e9rents types, <strong>le marbre est \u00e9galement pos\u00e9 sous forme de granulats et de calcestre.<\/strong><\/p>\n<p>&nbsp;<\/p>\n<p><strong>Calcestre de marbre Cristallina<\/strong><\/p>\n<p>Le calcestre de marbre Cristallina est la solution id\u00e9ale pour cr\u00e9er des sentiers p\u00e9destres et des pistes cyclables respectueux de l&rsquo;environnement. Par rapport aux granul\u00e9s, le calcaire a une granulom\u00e9trie beaucoup plus fine (0-20 mm).<\/p>\n<p>Cliquez <em><strong><a href=\"https:\/\/www.granitomarmo-outlet.ch\/products\/granulati-di-marmo-cristallina-0-20-mm?_pos=3&amp;_fid=3602b1570&amp;_ss=c\" target=\"_blank\" rel=\"noopener\">ICI<\/a><\/strong><\/em>\u00a0pour d\u00e9couvrir le produit.<\/p>\n<h4><\/h4>\n<p><strong>Granul\u00e9s de marbre Cristallina<\/strong><\/p>\n<p>Les granul\u00e9s de marbre Cristallina sont tr\u00e8s appr\u00e9ci\u00e9 pour la d\u00e9coration des all\u00e9es, des ronds-points et des jardins, ainsi que pour le pavage. En fait, il sont souvent choisi pour cr\u00e9er les tr\u00e8s appr\u00e9ci\u00e9s jardins Zen.<\/p>\n<p>Vous trouverez ci-dessous les deux types de granul\u00e9s disponibles:<br \/>\n<a href=\"https:\/\/www.granitomarmo-outlet.ch\/fr\/products\/granulati-di-marmo-cristallina-16-32-mm?_pos=2&amp;_fid=3602b1570&amp;_ss=c\" target=\"_blank\" rel=\"noopener\"><em><strong>granul\u00e9s de marbre 16-32 mm<\/strong><\/em><\/a> | <a href=\"https:\/\/www.granitomarmo-outlet.ch\/fr\/products\/granulati-di-marmo-cristallina-misto-32-64-mm-in-big-bag?_pos=1&amp;_fid=3602b1570&amp;_ss=c\" target=\"_blank\" rel=\"noopener\"><strong><em>granul\u00e9s de marbre 32-64 mm<\/em><\/strong><\/a><\/p>\n","protected":false},"excerpt":{"rendered":"<p>Calcestre et granulats de marbre Cristallina Outre les classiques dalles pour sols de diff\u00e9rentes tailles et de diff\u00e9rents types, le marbre est \u00e9galement pos\u00e9 sous forme de granulats et de calcestre. &nbsp; Calcestre de marbre Cristallina Le calcestre de marbre&#8230;<\/p>\n","protected":false},"author":2,"featured_media":0,"comment_status":"closed","ping_status":"closed","sticky":false,"template":"","format":"standard","meta":{"footnotes":""},"categories":[1],"class_list":["post-2402","post","type-post","status-publish","format-standard","hentry","category-journal"],"yoast_head":"<!-- This site is optimized with the Yoast SEO plugin v21.2 - https:\/\/yoast.com\/wordpress\/plugins\/seo\/ -->\n<title>Jardins zen et art dans le vert - Cristallina<\/title>\n<meta name=\"robots\" content=\"index, follow, max-snippet:-1, max-image-preview:large, max-video-preview:-1\" \/>\n<link rel=\"canonical\" href=\"https:\/\/www.cristallinamarmo.ch\/fr\/giardini-zen-e-arte-nel-verde\/\" \/>\n<meta property=\"og:locale\" content=\"fr_FR\" \/>\n<meta property=\"og:type\" content=\"article\" \/>\n<meta property=\"og:title\" content=\"Jardins zen et art dans le vert - Cristallina\" \/>\n<meta property=\"og:description\" content=\"Calcestre et granulats de marbre Cristallina Outre les classiques dalles pour sols de diff\u00e9rentes tailles et de diff\u00e9rents types, le marbre est \u00e9galement pos\u00e9 sous forme de granulats et de calcestre. &nbsp; Calcestre de marbre Cristallina Le calcestre de marbre...\" \/>\n<meta property=\"og:url\" content=\"https:\/\/www.cristallinamarmo.ch\/fr\/giardini-zen-e-arte-nel-verde\/\" \/>\n<meta property=\"og:site_name\" content=\"Cristallina\" \/>\n<meta property=\"article:publisher\" content=\"https:\/\/www.facebook.com\/cristallinamarmo\" \/>\n<meta property=\"article:published_time\" content=\"2022-09-20T13:17:26+00:00\" \/>\n<meta property=\"article:modified_time\" content=\"2022-09-21T06:21:42+00:00\" \/>\n<meta name=\"author\" content=\"Cristallina Marmo\" \/>\n<meta name=\"twitter:card\" content=\"summary_large_image\" \/>\n<meta name=\"twitter:label1\" content=\"\u00c9crit par\" \/>\n\t<meta name=\"twitter:data1\" content=\"Cristallina Marmo\" \/>\n\t<meta name=\"twitter:label2\" content=\"Dur\u00e9e de lecture estim\u00e9e\" \/>\n\t<meta name=\"twitter:data2\" content=\"1 minute\" \/>\n<script type=\"application\/ld+json\" class=\"yoast-schema-graph\">{\"@context\":\"https:\/\/schema.org\",\"@graph\":[{\"@type\":\"Article\",\"@id\":\"https:\/\/www.cristallinamarmo.ch\/fr\/giardini-zen-e-arte-nel-verde\/#article\",\"isPartOf\":{\"@id\":\"https:\/\/www.cristallinamarmo.ch\/fr\/giardini-zen-e-arte-nel-verde\/\"},\"author\":{\"name\":\"Cristallina Marmo\",\"@id\":\"https:\/\/www.cristallinamarmo.ch\/#\/schema\/person\/e6b82b9f318793b59077161cd36b552d\"},\"headline\":\"Jardins zen et art dans le vert\",\"datePublished\":\"2022-09-20T13:17:26+00:00\",\"dateModified\":\"2022-09-21T06:21:42+00:00\",\"mainEntityOfPage\":{\"@id\":\"https:\/\/www.cristallinamarmo.ch\/fr\/giardini-zen-e-arte-nel-verde\/\"},\"wordCount\":165,\"publisher\":{\"@id\":\"https:\/\/www.cristallinamarmo.ch\/#organization\"},\"articleSection\":[\"Journal\"],\"inLanguage\":\"fr-FR\"},{\"@type\":\"WebPage\",\"@id\":\"https:\/\/www.cristallinamarmo.ch\/fr\/giardini-zen-e-arte-nel-verde\/\",\"url\":\"https:\/\/www.cristallinamarmo.ch\/fr\/giardini-zen-e-arte-nel-verde\/\",\"name\":\"Jardins zen et art dans le vert - Cristallina\",\"isPartOf\":{\"@id\":\"https:\/\/www.cristallinamarmo.ch\/#website\"},\"datePublished\":\"2022-09-20T13:17:26+00:00\",\"dateModified\":\"2022-09-21T06:21:42+00:00\",\"breadcrumb\":{\"@id\":\"https:\/\/www.cristallinamarmo.ch\/fr\/giardini-zen-e-arte-nel-verde\/#breadcrumb\"},\"inLanguage\":\"fr-FR\",\"potentialAction\":[{\"@type\":\"ReadAction\",\"target\":[\"https:\/\/www.cristallinamarmo.ch\/fr\/giardini-zen-e-arte-nel-verde\/\"]}]},{\"@type\":\"BreadcrumbList\",\"@id\":\"https:\/\/www.cristallinamarmo.ch\/fr\/giardini-zen-e-arte-nel-verde\/#breadcrumb\",\"itemListElement\":[{\"@type\":\"ListItem\",\"position\":1,\"name\":\"Home\",\"item\":\"https:\/\/www.cristallinamarmo.ch\/fr\/\"},{\"@type\":\"ListItem\",\"position\":2,\"name\":\"Jardins zen et art dans le vert\"}]},{\"@type\":\"WebSite\",\"@id\":\"https:\/\/www.cristallinamarmo.ch\/#website\",\"url\":\"https:\/\/www.cristallinamarmo.ch\/\",\"name\":\"Cristallina\",\"description\":\"The Swiss Marble\",\"publisher\":{\"@id\":\"https:\/\/www.cristallinamarmo.ch\/#organization\"},\"potentialAction\":[{\"@type\":\"SearchAction\",\"target\":{\"@type\":\"EntryPoint\",\"urlTemplate\":\"https:\/\/www.cristallinamarmo.ch\/?s={search_term_string}\"},\"query-input\":\"required name=search_term_string\"}],\"inLanguage\":\"fr-FR\"},{\"@type\":\"Organization\",\"@id\":\"https:\/\/www.cristallinamarmo.ch\/#organization\",\"name\":\"Cristallina\",\"url\":\"https:\/\/www.cristallinamarmo.ch\/\",\"logo\":{\"@type\":\"ImageObject\",\"inLanguage\":\"fr-FR\",\"@id\":\"https:\/\/www.cristallinamarmo.ch\/#\/schema\/logo\/image\/\",\"url\":\"https:\/\/www.cristallinamarmo.ch\/wp-content\/uploads\/2021\/05\/logo.png\",\"contentUrl\":\"https:\/\/www.cristallinamarmo.ch\/wp-content\/uploads\/2021\/05\/logo.png\",\"width\":500,\"height\":127,\"caption\":\"Cristallina\"},\"image\":{\"@id\":\"https:\/\/www.cristallinamarmo.ch\/#\/schema\/logo\/image\/\"},\"sameAs\":[\"https:\/\/www.facebook.com\/cristallinamarmo\",\"https:\/\/www.instagram.com\/cristallina_marmo\/\",\"https:\/\/www.linkedin.com\/company\/cristallina-sa\"]},{\"@type\":\"Person\",\"@id\":\"https:\/\/www.cristallinamarmo.ch\/#\/schema\/person\/e6b82b9f318793b59077161cd36b552d\",\"name\":\"Cristallina Marmo\",\"image\":{\"@type\":\"ImageObject\",\"inLanguage\":\"fr-FR\",\"@id\":\"https:\/\/www.cristallinamarmo.ch\/#\/schema\/person\/image\/\",\"url\":\"https:\/\/secure.gravatar.com\/avatar\/09b1a94c32e1afee933104d1a87225466e99e63ee54e1940c201176642e60c34?s=96&d=mm&r=g\",\"contentUrl\":\"https:\/\/secure.gravatar.com\/avatar\/09b1a94c32e1afee933104d1a87225466e99e63ee54e1940c201176642e60c34?s=96&d=mm&r=g\",\"caption\":\"Cristallina Marmo\"},\"sameAs\":[\"https:\/\/www.instagram.com\/cristallinamarmo.ch\/\",\"https:\/\/www.linkedin.com\/company\/cristallinamarmo\/?viewAsMember=true\"],\"url\":\"https:\/\/www.cristallinamarmo.ch\/fr\/author\/cristallina\/\"}]}<\/script>\n<!-- \/ Yoast SEO plugin. -->","yoast_head_json":{"title":"Jardins zen et art dans le vert - Cristallina","robots":{"index":"index","follow":"follow","max-snippet":"max-snippet:-1","max-image-preview":"max-image-preview:large","max-video-preview":"max-video-preview:-1"},"canonical":"https:\/\/www.cristallinamarmo.ch\/fr\/giardini-zen-e-arte-nel-verde\/","og_locale":"fr_FR","og_type":"article","og_title":"Jardins zen et art dans le vert - Cristallina","og_description":"Calcestre et granulats de marbre Cristallina Outre les classiques dalles pour sols de diff\u00e9rentes tailles et de diff\u00e9rents types, le marbre est \u00e9galement pos\u00e9 sous forme de granulats et de calcestre. &nbsp; Calcestre de marbre Cristallina Le calcestre de marbre...","og_url":"https:\/\/www.cristallinamarmo.ch\/fr\/giardini-zen-e-arte-nel-verde\/","og_site_name":"Cristallina","article_publisher":"https:\/\/www.facebook.com\/cristallinamarmo","article_published_time":"2022-09-20T13:17:26+00:00","article_modified_time":"2022-09-21T06:21:42+00:00","author":"Cristallina Marmo","twitter_card":"summary_large_image","twitter_misc":{"\u00c9crit par":"Cristallina Marmo","Dur\u00e9e de lecture estim\u00e9e":"1 minute"},"schema":{"@context":"https:\/\/schema.org","@graph":[{"@type":"Article","@id":"https:\/\/www.cristallinamarmo.ch\/fr\/giardini-zen-e-arte-nel-verde\/#article","isPartOf":{"@id":"https:\/\/www.cristallinamarmo.ch\/fr\/giardini-zen-e-arte-nel-verde\/"},"author":{"name":"Cristallina Marmo","@id":"https:\/\/www.cristallinamarmo.ch\/#\/schema\/person\/e6b82b9f318793b59077161cd36b552d"},"headline":"Jardins zen et art dans le vert","datePublished":"2022-09-20T13:17:26+00:00","dateModified":"2022-09-21T06:21:42+00:00","mainEntityOfPage":{"@id":"https:\/\/www.cristallinamarmo.ch\/fr\/giardini-zen-e-arte-nel-verde\/"},"wordCount":165,"publisher":{"@id":"https:\/\/www.cristallinamarmo.ch\/#organization"},"articleSection":["Journal"],"inLanguage":"fr-FR"},{"@type":"WebPage","@id":"https:\/\/www.cristallinamarmo.ch\/fr\/giardini-zen-e-arte-nel-verde\/","url":"https:\/\/www.cristallinamarmo.ch\/fr\/giardini-zen-e-arte-nel-verde\/","name":"Jardins zen et art dans le vert - Cristallina","isPartOf":{"@id":"https:\/\/www.cristallinamarmo.ch\/#website"},"datePublished":"2022-09-20T13:17:26+00:00","dateModified":"2022-09-21T06:21:42+00:00","breadcrumb":{"@id":"https:\/\/www.cristallinamarmo.ch\/fr\/giardini-zen-e-arte-nel-verde\/#breadcrumb"},"inLanguage":"fr-FR","potentialAction":[{"@type":"ReadAction","target":["https:\/\/www.cristallinamarmo.ch\/fr\/giardini-zen-e-arte-nel-verde\/"]}]},{"@type":"BreadcrumbList","@id":"https:\/\/www.cristallinamarmo.ch\/fr\/giardini-zen-e-arte-nel-verde\/#breadcrumb","itemListElement":[{"@type":"ListItem","position":1,"name":"Home","item":"https:\/\/www.cristallinamarmo.ch\/fr\/"},{"@type":"ListItem","position":2,"name":"Jardins zen et art dans le vert"}]},{"@type":"WebSite","@id":"https:\/\/www.cristallinamarmo.ch\/#website","url":"https:\/\/www.cristallinamarmo.ch\/","name":"Cristallina","description":"The Swiss Marble","publisher":{"@id":"https:\/\/www.cristallinamarmo.ch\/#organization"},"potentialAction":[{"@type":"SearchAction","target":{"@type":"EntryPoint","urlTemplate":"https:\/\/www.cristallinamarmo.ch\/?s={search_term_string}"},"query-input":"required name=search_term_string"}],"inLanguage":"fr-FR"},{"@type":"Organization","@id":"https:\/\/www.cristallinamarmo.ch\/#organization","name":"Cristallina","url":"https:\/\/www.cristallinamarmo.ch\/","logo":{"@type":"ImageObject","inLanguage":"fr-FR","@id":"https:\/\/www.cristallinamarmo.ch\/#\/schema\/logo\/image\/","url":"https:\/\/www.cristallinamarmo.ch\/wp-content\/uploads\/2021\/05\/logo.png","contentUrl":"https:\/\/www.cristallinamarmo.ch\/wp-content\/uploads\/2021\/05\/logo.png","width":500,"height":127,"caption":"Cristallina"},"image":{"@id":"https:\/\/www.cristallinamarmo.ch\/#\/schema\/logo\/image\/"},"sameAs":["https:\/\/www.facebook.com\/cristallinamarmo","https:\/\/www.instagram.com\/cristallina_marmo\/","https:\/\/www.linkedin.com\/company\/cristallina-sa"]},{"@type":"Person","@id":"https:\/\/www.cristallinamarmo.ch\/#\/schema\/person\/e6b82b9f318793b59077161cd36b552d","name":"Cristallina Marmo","image":{"@type":"ImageObject","inLanguage":"fr-FR","@id":"https:\/\/www.cristallinamarmo.ch\/#\/schema\/person\/image\/","url":"https:\/\/secure.gravatar.com\/avatar\/09b1a94c32e1afee933104d1a87225466e99e63ee54e1940c201176642e60c34?s=96&d=mm&r=g","contentUrl":"https:\/\/secure.gravatar.com\/avatar\/09b1a94c32e1afee933104d1a87225466e99e63ee54e1940c201176642e60c34?s=96&d=mm&r=g","caption":"Cristallina Marmo"},"sameAs":["https:\/\/www.instagram.com\/cristallinamarmo.ch\/","https:\/\/www.linkedin.com\/company\/cristallinamarmo\/?viewAsMember=true"],"url":"https:\/\/www.cristallinamarmo.ch\/fr\/author\/cristallina\/"}]}},"_links":{"self":[{"href":"https:\/\/www.cristallinamarmo.ch\/fr\/wp-json\/wp\/v2\/posts\/2402","targetHints":{"allow":["GET"]}}],"collection":[{"href":"https:\/\/www.cristallinamarmo.ch\/fr\/wp-json\/wp\/v2\/posts"}],"about":[{"href":"https:\/\/www.cristallinamarmo.ch\/fr\/wp-json\/wp\/v2\/types\/post"}],"author":[{"embeddable":true,"href":"https:\/\/www.cristallinamarmo.ch\/fr\/wp-json\/wp\/v2\/users\/2"}],"replies":[{"embeddable":true,"href":"https:\/\/www.cristallinamarmo.ch\/fr\/wp-json\/wp\/v2\/comments?post=2402"}],"version-history":[{"count":3,"href":"https:\/\/www.cristallinamarmo.ch\/fr\/wp-json\/wp\/v2\/posts\/2402\/revisions"}],"predecessor-version":[{"id":2413,"href":"https:\/\/www.cristallinamarmo.ch\/fr\/wp-json\/wp\/v2\/posts\/2402\/revisions\/2413"}],"wp:attachment":[{"href":"https:\/\/www.cristallinamarmo.ch\/fr\/wp-json\/wp\/v2\/media?parent=2402"}],"wp:term":[{"taxonomy":"category","embeddable":true,"href":"https:\/\/www.cristallinamarmo.ch\/fr\/wp-json\/wp\/v2\/categories?post=2402"}],"curies":[{"name":"wp","href":"https:\/\/api.w.org\/{rel}","templated":true}]}}