{"id":2464,"date":"2023-10-05T16:34:01","date_gmt":"2023-10-05T14:34:01","guid":{"rendered":"https:\/\/www.cristallinamarmo.ch\/?p=2464"},"modified":"2023-10-24T13:51:49","modified_gmt":"2023-10-24T11:51:49","slug":"cristallina-marble-and-siamo-fuori-in-peccia","status":"publish","type":"post","link":"https:\/\/www.cristallinamarmo.ch\/fr\/cristallina-marble-and-siamo-fuori-in-peccia\/","title":{"rendered":"Cristallina Marble et \u00ab\u00a0Siamo Fuori\u00a0\u00bb \u00e0 Peccia"},"content":{"rendered":"<div class=\"flex flex-grow flex-col gap-3 max-w-full\">\n<div class=\"min-h-[20px] flex flex-col items-start gap-3 whitespace-pre-wrap break-words overflow-x-auto\">\n<div class=\"markdown prose w-full break-words dark:prose-invert light\">\n<div class=\"flex flex-grow flex-col gap-3 max-w-full\">\n<div class=\"min-h-[20px] flex flex-col items-start gap-3 whitespace-pre-wrap break-words overflow-x-auto\">\n<div class=\"markdown prose w-full break-words dark:prose-invert light\">\n<p><strong>Nous sommes ravis de partager avec vous l&rsquo;excitante aventure de Cristallina Marble dans le monde du marbre suisse \u00e0 travers notre participation au programme t\u00e9l\u00e9vis\u00e9 \u00ab\u00a0Siamo Fuori\u00a0\u00bb sur LA 1 RSI Radiotelevisione Svizzera<\/strong>. Ce programme de divertissement et de cuisine, dirig\u00e9 par Carlotta Gallino, Davide Riva et Christian Frapolli, est une aventure itin\u00e9rante \u00e0 la d\u00e9couverte des r\u00e9alit\u00e9s locales et des personnes qui les rendent sp\u00e9ciales. Notre participation \u00e0 ce programme nous a permis de raconter l&rsquo;histoire unique de notre carri\u00e8re de marbre, la seule en Suisse.<\/p>\n<p>Lors de l&rsquo;\u00e9pisode o\u00f9 nous avons \u00e9t\u00e9 interview\u00e9s, l&rsquo;\u00c9cole de Sculpture de Peccia et le Centre International de Sculpture de Peccia ont \u00e9galement \u00e9t\u00e9 impliqu\u00e9s, d\u00e9montrant comment le marbre peut r\u00e9unir diff\u00e9rentes entit\u00e9s dans des collaborations int\u00e9ressantes et fructueuses pour la r\u00e9gion du Canton du Tessin.<\/p>\n<p><strong>Un Voyage \u00e0 Lavizzara<\/strong><\/p>\n<p>Dans notre \u00e9pisode, nous avons voyag\u00e9 jusqu&rsquo;\u00e0 la commune de Lavizzara pour raconter l&rsquo;histoire de notre carri\u00e8re de marbre Cristallina. Nous avons \u00e9t\u00e9 ravis de d\u00e9voiler ce tr\u00e9sor cach\u00e9 de la Suisse et de le partager avec le public de \u00ab\u00a0Siamo Fuori\u00a0\u00bb. La carri\u00e8re de marbre Cristallina existe depuis 1946 et a \u00e9t\u00e9 tr\u00e8s appr\u00e9ci\u00e9e \u00e0 l&rsquo;\u00e9tranger d\u00e8s ses premi\u00e8res ann\u00e9es.<\/p>\n<p><strong>Valeurs et Passion<\/strong><\/p>\n<p>Lors de l&rsquo;interview, nous avons eu l&rsquo;opportunit\u00e9 de souligner notre engagement in\u00e9branlable et notre profonde passion pour notre marbre. Nous g\u00e9rons passionn\u00e9ment la carri\u00e8re depuis 14 ans, travaillant sans rel\u00e2che pour mettre en valeur la beaut\u00e9 extraordinaire et l&rsquo;art de la Suisse \u00e0 travers notre pr\u00e9cieux marbre. Avant de devenir les gardiens d\u00e9vou\u00e9s de cette pr\u00e9cieuse carri\u00e8re, les propri\u00e9taires pr\u00e9c\u00e9dents avaient s\u00e9rieusement envisag\u00e9 la possibilit\u00e9 de la fermer en raison de d\u00e9fis importants li\u00e9s \u00e0 l&rsquo;acc\u00e8s et \u00e0 la recherche du rare marbre blanc. <strong>Notre chaleureuse famille a fait tous les efforts possibles pour valoriser cette ressource unique et la maintenir en vie pour les g\u00e9n\u00e9rations futures.<\/strong><\/p>\n<\/div>\n<\/div>\n<\/div>\n<\/div>\n<\/div>\n<\/div>\n","protected":false},"excerpt":{"rendered":"<p>Nous sommes ravis de partager avec vous l&rsquo;excitante aventure de Cristallina Marble dans le monde du marbre suisse \u00e0 travers notre participation au programme t\u00e9l\u00e9vis\u00e9 \u00ab\u00a0Siamo Fuori\u00a0\u00bb sur LA 1 RSI Radiotelevisione Svizzera. Ce programme de divertissement et de cuisine,&#8230;<\/p>\n","protected":false},"author":2,"featured_media":0,"comment_status":"closed","ping_status":"closed","sticky":false,"template":"","format":"standard","meta":{"footnotes":""},"categories":[4,1],"class_list":["post-2464","post","type-post","status-publish","format-standard","hentry","category-journal-en","category-journal"],"yoast_head":"<!-- This site is optimized with the Yoast SEO plugin v21.2 - https:\/\/yoast.com\/wordpress\/plugins\/seo\/ -->\n<title>Cristallina Marble et &quot;Siamo Fuori&quot; \u00e0 Peccia - Cristallina<\/title>\n<meta name=\"description\" content=\"D\u00e9couvrez le voyage passionnant de Cristallina Marble dans le monde du marbre suisse gr\u00e2ce \u00e0 notre participation au programme &quot;Siamo Fuori&quot;.\" \/>\n<meta name=\"robots\" content=\"index, follow, max-snippet:-1, max-image-preview:large, max-video-preview:-1\" \/>\n<link rel=\"canonical\" href=\"https:\/\/www.cristallinamarmo.ch\/fr\/cristallina-marble-and-siamo-fuori-in-peccia\/\" \/>\n<meta property=\"og:locale\" content=\"fr_FR\" \/>\n<meta property=\"og:type\" content=\"article\" \/>\n<meta property=\"og:title\" content=\"Cristallina Marble et &quot;Siamo Fuori&quot; \u00e0 Peccia - Cristallina\" \/>\n<meta property=\"og:description\" content=\"D\u00e9couvrez le voyage passionnant de Cristallina Marble dans le monde du marbre suisse gr\u00e2ce \u00e0 notre participation au programme &quot;Siamo Fuori&quot;.\" \/>\n<meta property=\"og:url\" content=\"https:\/\/www.cristallinamarmo.ch\/fr\/cristallina-marble-and-siamo-fuori-in-peccia\/\" \/>\n<meta property=\"og:site_name\" content=\"Cristallina\" \/>\n<meta property=\"article:publisher\" content=\"https:\/\/www.facebook.com\/cristallinamarmo\" \/>\n<meta property=\"article:published_time\" content=\"2023-10-05T14:34:01+00:00\" \/>\n<meta property=\"article:modified_time\" content=\"2023-10-24T11:51:49+00:00\" \/>\n<meta name=\"author\" content=\"Cristallina Marmo\" \/>\n<meta name=\"twitter:card\" content=\"summary_large_image\" \/>\n<meta name=\"twitter:label1\" content=\"\u00c9crit par\" \/>\n\t<meta name=\"twitter:data1\" content=\"Cristallina Marmo\" \/>\n\t<meta name=\"twitter:label2\" content=\"Dur\u00e9e de lecture estim\u00e9e\" \/>\n\t<meta name=\"twitter:data2\" content=\"2 minutes\" \/>\n<script type=\"application\/ld+json\" class=\"yoast-schema-graph\">{\"@context\":\"https:\/\/schema.org\",\"@graph\":[{\"@type\":\"Article\",\"@id\":\"https:\/\/www.cristallinamarmo.ch\/fr\/cristallina-marble-and-siamo-fuori-in-peccia\/#article\",\"isPartOf\":{\"@id\":\"https:\/\/www.cristallinamarmo.ch\/fr\/cristallina-marble-and-siamo-fuori-in-peccia\/\"},\"author\":{\"name\":\"Cristallina Marmo\",\"@id\":\"https:\/\/www.cristallinamarmo.ch\/#\/schema\/person\/e6b82b9f318793b59077161cd36b552d\"},\"headline\":\"Cristallina Marble et \u00ab\u00a0Siamo Fuori\u00a0\u00bb \u00e0 Peccia\",\"datePublished\":\"2023-10-05T14:34:01+00:00\",\"dateModified\":\"2023-10-24T11:51:49+00:00\",\"mainEntityOfPage\":{\"@id\":\"https:\/\/www.cristallinamarmo.ch\/fr\/cristallina-marble-and-siamo-fuori-in-peccia\/\"},\"wordCount\":358,\"publisher\":{\"@id\":\"https:\/\/www.cristallinamarmo.ch\/#organization\"},\"articleSection\":[\"Journal\",\"Journal\"],\"inLanguage\":\"fr-FR\"},{\"@type\":\"WebPage\",\"@id\":\"https:\/\/www.cristallinamarmo.ch\/fr\/cristallina-marble-and-siamo-fuori-in-peccia\/\",\"url\":\"https:\/\/www.cristallinamarmo.ch\/fr\/cristallina-marble-and-siamo-fuori-in-peccia\/\",\"name\":\"Cristallina Marble et \\\"Siamo Fuori\\\" \u00e0 Peccia - Cristallina\",\"isPartOf\":{\"@id\":\"https:\/\/www.cristallinamarmo.ch\/#website\"},\"datePublished\":\"2023-10-05T14:34:01+00:00\",\"dateModified\":\"2023-10-24T11:51:49+00:00\",\"description\":\"D\u00e9couvrez le voyage passionnant de Cristallina Marble dans le monde du marbre suisse gr\u00e2ce \u00e0 notre participation au programme \\\"Siamo Fuori\\\".\",\"breadcrumb\":{\"@id\":\"https:\/\/www.cristallinamarmo.ch\/fr\/cristallina-marble-and-siamo-fuori-in-peccia\/#breadcrumb\"},\"inLanguage\":\"fr-FR\",\"potentialAction\":[{\"@type\":\"ReadAction\",\"target\":[\"https:\/\/www.cristallinamarmo.ch\/fr\/cristallina-marble-and-siamo-fuori-in-peccia\/\"]}]},{\"@type\":\"BreadcrumbList\",\"@id\":\"https:\/\/www.cristallinamarmo.ch\/fr\/cristallina-marble-and-siamo-fuori-in-peccia\/#breadcrumb\",\"itemListElement\":[{\"@type\":\"ListItem\",\"position\":1,\"name\":\"Home\",\"item\":\"https:\/\/www.cristallinamarmo.ch\/fr\/\"},{\"@type\":\"ListItem\",\"position\":2,\"name\":\"Cristallina Marble et \u00ab\u00a0Siamo Fuori\u00a0\u00bb \u00e0 Peccia\"}]},{\"@type\":\"WebSite\",\"@id\":\"https:\/\/www.cristallinamarmo.ch\/#website\",\"url\":\"https:\/\/www.cristallinamarmo.ch\/\",\"name\":\"Cristallina\",\"description\":\"The Swiss Marble\",\"publisher\":{\"@id\":\"https:\/\/www.cristallinamarmo.ch\/#organization\"},\"potentialAction\":[{\"@type\":\"SearchAction\",\"target\":{\"@type\":\"EntryPoint\",\"urlTemplate\":\"https:\/\/www.cristallinamarmo.ch\/?s={search_term_string}\"},\"query-input\":\"required name=search_term_string\"}],\"inLanguage\":\"fr-FR\"},{\"@type\":\"Organization\",\"@id\":\"https:\/\/www.cristallinamarmo.ch\/#organization\",\"name\":\"Cristallina\",\"url\":\"https:\/\/www.cristallinamarmo.ch\/\",\"logo\":{\"@type\":\"ImageObject\",\"inLanguage\":\"fr-FR\",\"@id\":\"https:\/\/www.cristallinamarmo.ch\/#\/schema\/logo\/image\/\",\"url\":\"https:\/\/www.cristallinamarmo.ch\/wp-content\/uploads\/2021\/05\/logo.png\",\"contentUrl\":\"https:\/\/www.cristallinamarmo.ch\/wp-content\/uploads\/2021\/05\/logo.png\",\"width\":500,\"height\":127,\"caption\":\"Cristallina\"},\"image\":{\"@id\":\"https:\/\/www.cristallinamarmo.ch\/#\/schema\/logo\/image\/\"},\"sameAs\":[\"https:\/\/www.facebook.com\/cristallinamarmo\",\"https:\/\/www.instagram.com\/cristallina_marmo\/\",\"https:\/\/www.linkedin.com\/company\/cristallina-sa\"]},{\"@type\":\"Person\",\"@id\":\"https:\/\/www.cristallinamarmo.ch\/#\/schema\/person\/e6b82b9f318793b59077161cd36b552d\",\"name\":\"Cristallina Marmo\",\"image\":{\"@type\":\"ImageObject\",\"inLanguage\":\"fr-FR\",\"@id\":\"https:\/\/www.cristallinamarmo.ch\/#\/schema\/person\/image\/\",\"url\":\"https:\/\/secure.gravatar.com\/avatar\/09b1a94c32e1afee933104d1a87225466e99e63ee54e1940c201176642e60c34?s=96&d=mm&r=g\",\"contentUrl\":\"https:\/\/secure.gravatar.com\/avatar\/09b1a94c32e1afee933104d1a87225466e99e63ee54e1940c201176642e60c34?s=96&d=mm&r=g\",\"caption\":\"Cristallina Marmo\"},\"sameAs\":[\"https:\/\/www.instagram.com\/cristallinamarmo.ch\/\",\"https:\/\/www.linkedin.com\/company\/cristallinamarmo\/?viewAsMember=true\"],\"url\":\"https:\/\/www.cristallinamarmo.ch\/fr\/author\/cristallina\/\"}]}<\/script>\n<!-- \/ Yoast SEO plugin. -->","yoast_head_json":{"title":"Cristallina Marble et \"Siamo Fuori\" \u00e0 Peccia - Cristallina","description":"D\u00e9couvrez le voyage passionnant de Cristallina Marble dans le monde du marbre suisse gr\u00e2ce \u00e0 notre participation au programme \"Siamo Fuori\".","robots":{"index":"index","follow":"follow","max-snippet":"max-snippet:-1","max-image-preview":"max-image-preview:large","max-video-preview":"max-video-preview:-1"},"canonical":"https:\/\/www.cristallinamarmo.ch\/fr\/cristallina-marble-and-siamo-fuori-in-peccia\/","og_locale":"fr_FR","og_type":"article","og_title":"Cristallina Marble et \"Siamo Fuori\" \u00e0 Peccia - Cristallina","og_description":"D\u00e9couvrez le voyage passionnant de Cristallina Marble dans le monde du marbre suisse gr\u00e2ce \u00e0 notre participation au programme \"Siamo Fuori\".","og_url":"https:\/\/www.cristallinamarmo.ch\/fr\/cristallina-marble-and-siamo-fuori-in-peccia\/","og_site_name":"Cristallina","article_publisher":"https:\/\/www.facebook.com\/cristallinamarmo","article_published_time":"2023-10-05T14:34:01+00:00","article_modified_time":"2023-10-24T11:51:49+00:00","author":"Cristallina Marmo","twitter_card":"summary_large_image","twitter_misc":{"\u00c9crit par":"Cristallina Marmo","Dur\u00e9e de lecture estim\u00e9e":"2 minutes"},"schema":{"@context":"https:\/\/schema.org","@graph":[{"@type":"Article","@id":"https:\/\/www.cristallinamarmo.ch\/fr\/cristallina-marble-and-siamo-fuori-in-peccia\/#article","isPartOf":{"@id":"https:\/\/www.cristallinamarmo.ch\/fr\/cristallina-marble-and-siamo-fuori-in-peccia\/"},"author":{"name":"Cristallina Marmo","@id":"https:\/\/www.cristallinamarmo.ch\/#\/schema\/person\/e6b82b9f318793b59077161cd36b552d"},"headline":"Cristallina Marble et \u00ab\u00a0Siamo Fuori\u00a0\u00bb \u00e0 Peccia","datePublished":"2023-10-05T14:34:01+00:00","dateModified":"2023-10-24T11:51:49+00:00","mainEntityOfPage":{"@id":"https:\/\/www.cristallinamarmo.ch\/fr\/cristallina-marble-and-siamo-fuori-in-peccia\/"},"wordCount":358,"publisher":{"@id":"https:\/\/www.cristallinamarmo.ch\/#organization"},"articleSection":["Journal","Journal"],"inLanguage":"fr-FR"},{"@type":"WebPage","@id":"https:\/\/www.cristallinamarmo.ch\/fr\/cristallina-marble-and-siamo-fuori-in-peccia\/","url":"https:\/\/www.cristallinamarmo.ch\/fr\/cristallina-marble-and-siamo-fuori-in-peccia\/","name":"Cristallina Marble et \"Siamo Fuori\" \u00e0 Peccia - Cristallina","isPartOf":{"@id":"https:\/\/www.cristallinamarmo.ch\/#website"},"datePublished":"2023-10-05T14:34:01+00:00","dateModified":"2023-10-24T11:51:49+00:00","description":"D\u00e9couvrez le voyage passionnant de Cristallina Marble dans le monde du marbre suisse gr\u00e2ce \u00e0 notre participation au programme \"Siamo Fuori\".","breadcrumb":{"@id":"https:\/\/www.cristallinamarmo.ch\/fr\/cristallina-marble-and-siamo-fuori-in-peccia\/#breadcrumb"},"inLanguage":"fr-FR","potentialAction":[{"@type":"ReadAction","target":["https:\/\/www.cristallinamarmo.ch\/fr\/cristallina-marble-and-siamo-fuori-in-peccia\/"]}]},{"@type":"BreadcrumbList","@id":"https:\/\/www.cristallinamarmo.ch\/fr\/cristallina-marble-and-siamo-fuori-in-peccia\/#breadcrumb","itemListElement":[{"@type":"ListItem","position":1,"name":"Home","item":"https:\/\/www.cristallinamarmo.ch\/fr\/"},{"@type":"ListItem","position":2,"name":"Cristallina Marble et \u00ab\u00a0Siamo Fuori\u00a0\u00bb \u00e0 Peccia"}]},{"@type":"WebSite","@id":"https:\/\/www.cristallinamarmo.ch\/#website","url":"https:\/\/www.cristallinamarmo.ch\/","name":"Cristallina","description":"The Swiss Marble","publisher":{"@id":"https:\/\/www.cristallinamarmo.ch\/#organization"},"potentialAction":[{"@type":"SearchAction","target":{"@type":"EntryPoint","urlTemplate":"https:\/\/www.cristallinamarmo.ch\/?s={search_term_string}"},"query-input":"required name=search_term_string"}],"inLanguage":"fr-FR"},{"@type":"Organization","@id":"https:\/\/www.cristallinamarmo.ch\/#organization","name":"Cristallina","url":"https:\/\/www.cristallinamarmo.ch\/","logo":{"@type":"ImageObject","inLanguage":"fr-FR","@id":"https:\/\/www.cristallinamarmo.ch\/#\/schema\/logo\/image\/","url":"https:\/\/www.cristallinamarmo.ch\/wp-content\/uploads\/2021\/05\/logo.png","contentUrl":"https:\/\/www.cristallinamarmo.ch\/wp-content\/uploads\/2021\/05\/logo.png","width":500,"height":127,"caption":"Cristallina"},"image":{"@id":"https:\/\/www.cristallinamarmo.ch\/#\/schema\/logo\/image\/"},"sameAs":["https:\/\/www.facebook.com\/cristallinamarmo","https:\/\/www.instagram.com\/cristallina_marmo\/","https:\/\/www.linkedin.com\/company\/cristallina-sa"]},{"@type":"Person","@id":"https:\/\/www.cristallinamarmo.ch\/#\/schema\/person\/e6b82b9f318793b59077161cd36b552d","name":"Cristallina Marmo","image":{"@type":"ImageObject","inLanguage":"fr-FR","@id":"https:\/\/www.cristallinamarmo.ch\/#\/schema\/person\/image\/","url":"https:\/\/secure.gravatar.com\/avatar\/09b1a94c32e1afee933104d1a87225466e99e63ee54e1940c201176642e60c34?s=96&d=mm&r=g","contentUrl":"https:\/\/secure.gravatar.com\/avatar\/09b1a94c32e1afee933104d1a87225466e99e63ee54e1940c201176642e60c34?s=96&d=mm&r=g","caption":"Cristallina Marmo"},"sameAs":["https:\/\/www.instagram.com\/cristallinamarmo.ch\/","https:\/\/www.linkedin.com\/company\/cristallinamarmo\/?viewAsMember=true"],"url":"https:\/\/www.cristallinamarmo.ch\/fr\/author\/cristallina\/"}]}},"_links":{"self":[{"href":"https:\/\/www.cristallinamarmo.ch\/fr\/wp-json\/wp\/v2\/posts\/2464","targetHints":{"allow":["GET"]}}],"collection":[{"href":"https:\/\/www.cristallinamarmo.ch\/fr\/wp-json\/wp\/v2\/posts"}],"about":[{"href":"https:\/\/www.cristallinamarmo.ch\/fr\/wp-json\/wp\/v2\/types\/post"}],"author":[{"embeddable":true,"href":"https:\/\/www.cristallinamarmo.ch\/fr\/wp-json\/wp\/v2\/users\/2"}],"replies":[{"embeddable":true,"href":"https:\/\/www.cristallinamarmo.ch\/fr\/wp-json\/wp\/v2\/comments?post=2464"}],"version-history":[{"count":4,"href":"https:\/\/www.cristallinamarmo.ch\/fr\/wp-json\/wp\/v2\/posts\/2464\/revisions"}],"predecessor-version":[{"id":2473,"href":"https:\/\/www.cristallinamarmo.ch\/fr\/wp-json\/wp\/v2\/posts\/2464\/revisions\/2473"}],"wp:attachment":[{"href":"https:\/\/www.cristallinamarmo.ch\/fr\/wp-json\/wp\/v2\/media?parent=2464"}],"wp:term":[{"taxonomy":"category","embeddable":true,"href":"https:\/\/www.cristallinamarmo.ch\/fr\/wp-json\/wp\/v2\/categories?post=2464"}],"curies":[{"name":"wp","href":"https:\/\/api.w.org\/{rel}","templated":true}]}}