{"id":2730,"date":"2025-08-22T14:12:15","date_gmt":"2025-08-22T12:12:15","guid":{"rendered":"https:\/\/www.cristallinamarmo.ch\/?p=2730"},"modified":"2025-08-22T14:12:15","modified_gmt":"2025-08-22T12:12:15","slug":"marbre-cristallina-art-sculpture-design","status":"publish","type":"post","link":"https:\/\/www.cristallinamarmo.ch\/fr\/marbre-cristallina-art-sculpture-design\/","title":{"rendered":"Marbre Cristallina: entre art, sculpture et design contemporain"},"content":{"rendered":"<p>Le marbre Cristallina n\u2019est pas seulement un mat\u00e9riau : c\u2019est un langage universel qui traverse des si\u00e8cles d\u2019histoire, devenant aujourd\u2019hui un point de rencontre entre art, culture et design contemporain. Extrait de l\u2019unique carri\u00e8re de Peccia, en Suisse, ce marbre blanc extraordinaire continue d\u2019inspirer sculpteurs, designers et marques internationales, devenant un symbole de cr\u00e9ativit\u00e9 et d\u2019innovation.<\/p>\n<p data-start=\"643\" data-end=\"711\"><strong>Le Centre International de Sculpture : un p\u00f4le alpin pour l\u2019art<\/strong><\/p>\n<p data-start=\"712\" data-end=\"1294\">En 2021 est n\u00e9 \u00e0 Peccia, dans la vall\u00e9e de Lavizzara, le <strong data-start=\"769\" data-end=\"812\">Centre International de Sculpture (CIS)<\/strong> : un projet culturel qui valorise de mani\u00e8re unique l\u2019art tridimensionnel et le marbre Cristallina. Le CIS est un v\u00e9ritable laboratoire cr\u00e9atif, offrant des ateliers et des espaces pour le travail de la pierre, du bois et du m\u00e9tal. Il accueille des artistes internationaux s\u00e9lectionn\u00e9s par concours et organise des expositions temporaires ainsi que des \u00e9v\u00e9nements interdisciplinaires, transformant ce petit village alpin en une fen\u00eatre ouverte sur le monde de l\u2019art contemporain.<\/p>\n<p data-start=\"1296\" data-end=\"1578\">Gr\u00e2ce \u00e0 cette r\u00e9alit\u00e9, Peccia est aujourd\u2019hui devenue une r\u00e9f\u00e9rence internationale, o\u00f9 la tradition artisanale se m\u00eale \u00e0 la recherche artistique la plus actuelle. Ici, le marbre Cristallina devient le protagoniste d\u2019un r\u00e9cit qui unit nature, communaut\u00e9 et sculpture contemporaine.<\/p>\n<p data-start=\"1580\" data-end=\"1645\"><strong>L\u2019\u00c9cole de Sculpture de Peccia : une acad\u00e9mie ouverte \u00e0 tous<\/strong><\/p>\n<p data-start=\"1646\" data-end=\"1962\">\u00c0 c\u00f4t\u00e9 du CIS se trouve la <strong data-start=\"1673\" data-end=\"1705\">Scuola di Scultura de Peccia<\/strong>, une institution historique n\u00e9e pour rendre l\u2019art accessible \u00e0 tous : d\u00e9butants, passionn\u00e9s et professionnels. L\u2019\u00e9cole propose des cours sur le marbre, le bois et le m\u00e9tal, ainsi que des cours de dessin, de modelage et des s\u00e9minaires d\u2019histoire de l\u2019art.<\/p>\n<p data-start=\"1964\" data-end=\"2334\">C\u2019est un lieu d\u2019exp\u00e9rimentation, d\u2019apprentissage et de cr\u00e9ation artistique en pleine nature, au c\u0153ur de la Haute Valmaggia, avec la possibilit\u00e9 de louer des ateliers-logements pour vivre une exp\u00e9rience cr\u00e9ative encore plus immersive. L\u00e0 encore, le marbre Cristallina joue un r\u00f4le central, stimulant la cr\u00e9ativit\u00e9 de tous ceux qui s\u2019approchent du monde de la sculpture.<\/p>\n","protected":false},"excerpt":{"rendered":"<p>Le marbre Cristallina n\u2019est pas seulement un mat\u00e9riau : c\u2019est un langage universel qui traverse des si\u00e8cles d\u2019histoire, devenant aujourd\u2019hui un point de rencontre entre art, culture et design contemporain. Extrait de l\u2019unique carri\u00e8re de Peccia, en Suisse, ce marbre&#8230;<\/p>\n","protected":false},"author":2,"featured_media":2722,"comment_status":"closed","ping_status":"closed","sticky":false,"template":"","format":"standard","meta":{"footnotes":""},"categories":[3],"class_list":["post-2730","post","type-post","status-publish","format-standard","has-post-thumbnail","hentry","category-journal-fr"],"yoast_head":"<!-- This site is optimized with the Yoast SEO plugin v21.2 - https:\/\/yoast.com\/wordpress\/plugins\/seo\/ -->\n<title>Marbre Cristallina: entre art, sculpture et design contemporain - Cristallina<\/title>\n<meta name=\"description\" content=\"D\u00e9couvrez comment le marbre Cristallina, extrait de la carri\u00e8re de Peccia en Suisse, devient le protagoniste entre art, sculpture et design contemporain. Du Centre International de Sculpture aux \u0153uvres de Milena Naef jusqu\u2019\u00e0 la nouvelle collection Cristallina Design.\" \/>\n<meta name=\"robots\" content=\"index, follow, max-snippet:-1, max-image-preview:large, max-video-preview:-1\" \/>\n<link rel=\"canonical\" href=\"https:\/\/www.cristallinamarmo.ch\/fr\/marbre-cristallina-art-sculpture-design\/\" \/>\n<meta property=\"og:locale\" content=\"fr_FR\" \/>\n<meta property=\"og:type\" content=\"article\" \/>\n<meta property=\"og:title\" content=\"Marbre Cristallina: entre art, sculpture et design contemporain - Cristallina\" \/>\n<meta property=\"og:description\" content=\"D\u00e9couvrez comment le marbre Cristallina, extrait de la carri\u00e8re de Peccia en Suisse, devient le protagoniste entre art, sculpture et design contemporain. Du Centre International de Sculpture aux \u0153uvres de Milena Naef jusqu\u2019\u00e0 la nouvelle collection Cristallina Design.\" \/>\n<meta property=\"og:url\" content=\"https:\/\/www.cristallinamarmo.ch\/fr\/marbre-cristallina-art-sculpture-design\/\" \/>\n<meta property=\"og:site_name\" content=\"Cristallina\" \/>\n<meta property=\"article:publisher\" content=\"https:\/\/www.facebook.com\/cristallinamarmo\" \/>\n<meta property=\"article:published_time\" content=\"2025-08-22T12:12:15+00:00\" \/>\n<meta property=\"og:image\" content=\"https:\/\/www.cristallinamarmo.ch\/wp-content\/uploads\/2025\/08\/5-960x1200.png\" \/>\n\t<meta property=\"og:image:width\" content=\"960\" \/>\n\t<meta property=\"og:image:height\" content=\"1200\" \/>\n\t<meta property=\"og:image:type\" content=\"image\/png\" \/>\n<meta name=\"author\" content=\"Cristallina Marmo\" \/>\n<meta name=\"twitter:card\" content=\"summary_large_image\" \/>\n<meta name=\"twitter:label1\" content=\"\u00c9crit par\" \/>\n\t<meta name=\"twitter:data1\" content=\"Cristallina Marmo\" \/>\n\t<meta name=\"twitter:label2\" content=\"Dur\u00e9e de lecture estim\u00e9e\" \/>\n\t<meta name=\"twitter:data2\" content=\"2 minutes\" \/>\n<script type=\"application\/ld+json\" class=\"yoast-schema-graph\">{\"@context\":\"https:\/\/schema.org\",\"@graph\":[{\"@type\":\"Article\",\"@id\":\"https:\/\/www.cristallinamarmo.ch\/fr\/marbre-cristallina-art-sculpture-design\/#article\",\"isPartOf\":{\"@id\":\"https:\/\/www.cristallinamarmo.ch\/fr\/marbre-cristallina-art-sculpture-design\/\"},\"author\":{\"name\":\"Cristallina Marmo\",\"@id\":\"https:\/\/www.cristallinamarmo.ch\/#\/schema\/person\/e6b82b9f318793b59077161cd36b552d\"},\"headline\":\"Marbre Cristallina: entre art, sculpture et design contemporain\",\"datePublished\":\"2025-08-22T12:12:15+00:00\",\"dateModified\":\"2025-08-22T12:12:15+00:00\",\"mainEntityOfPage\":{\"@id\":\"https:\/\/www.cristallinamarmo.ch\/fr\/marbre-cristallina-art-sculpture-design\/\"},\"wordCount\":366,\"publisher\":{\"@id\":\"https:\/\/www.cristallinamarmo.ch\/#organization\"},\"articleSection\":[\"Journal\"],\"inLanguage\":\"fr-FR\"},{\"@type\":\"WebPage\",\"@id\":\"https:\/\/www.cristallinamarmo.ch\/fr\/marbre-cristallina-art-sculpture-design\/\",\"url\":\"https:\/\/www.cristallinamarmo.ch\/fr\/marbre-cristallina-art-sculpture-design\/\",\"name\":\"Marbre Cristallina: entre art, sculpture et design contemporain - Cristallina\",\"isPartOf\":{\"@id\":\"https:\/\/www.cristallinamarmo.ch\/#website\"},\"datePublished\":\"2025-08-22T12:12:15+00:00\",\"dateModified\":\"2025-08-22T12:12:15+00:00\",\"description\":\"D\u00e9couvrez comment le marbre Cristallina, extrait de la carri\u00e8re de Peccia en Suisse, devient le protagoniste entre art, sculpture et design contemporain. Du Centre International de Sculpture aux \u0153uvres de Milena Naef jusqu\u2019\u00e0 la nouvelle collection Cristallina Design.\",\"breadcrumb\":{\"@id\":\"https:\/\/www.cristallinamarmo.ch\/fr\/marbre-cristallina-art-sculpture-design\/#breadcrumb\"},\"inLanguage\":\"fr-FR\",\"potentialAction\":[{\"@type\":\"ReadAction\",\"target\":[\"https:\/\/www.cristallinamarmo.ch\/fr\/marbre-cristallina-art-sculpture-design\/\"]}]},{\"@type\":\"BreadcrumbList\",\"@id\":\"https:\/\/www.cristallinamarmo.ch\/fr\/marbre-cristallina-art-sculpture-design\/#breadcrumb\",\"itemListElement\":[{\"@type\":\"ListItem\",\"position\":1,\"name\":\"Home\",\"item\":\"https:\/\/www.cristallinamarmo.ch\/fr\/\"},{\"@type\":\"ListItem\",\"position\":2,\"name\":\"Marbre Cristallina: entre art, sculpture et design contemporain\"}]},{\"@type\":\"WebSite\",\"@id\":\"https:\/\/www.cristallinamarmo.ch\/#website\",\"url\":\"https:\/\/www.cristallinamarmo.ch\/\",\"name\":\"Cristallina\",\"description\":\"The Swiss Marble\",\"publisher\":{\"@id\":\"https:\/\/www.cristallinamarmo.ch\/#organization\"},\"potentialAction\":[{\"@type\":\"SearchAction\",\"target\":{\"@type\":\"EntryPoint\",\"urlTemplate\":\"https:\/\/www.cristallinamarmo.ch\/?s={search_term_string}\"},\"query-input\":\"required name=search_term_string\"}],\"inLanguage\":\"fr-FR\"},{\"@type\":\"Organization\",\"@id\":\"https:\/\/www.cristallinamarmo.ch\/#organization\",\"name\":\"Cristallina\",\"url\":\"https:\/\/www.cristallinamarmo.ch\/\",\"logo\":{\"@type\":\"ImageObject\",\"inLanguage\":\"fr-FR\",\"@id\":\"https:\/\/www.cristallinamarmo.ch\/#\/schema\/logo\/image\/\",\"url\":\"https:\/\/www.cristallinamarmo.ch\/wp-content\/uploads\/2021\/05\/logo.png\",\"contentUrl\":\"https:\/\/www.cristallinamarmo.ch\/wp-content\/uploads\/2021\/05\/logo.png\",\"width\":500,\"height\":127,\"caption\":\"Cristallina\"},\"image\":{\"@id\":\"https:\/\/www.cristallinamarmo.ch\/#\/schema\/logo\/image\/\"},\"sameAs\":[\"https:\/\/www.facebook.com\/cristallinamarmo\",\"https:\/\/www.instagram.com\/cristallina_marmo\/\",\"https:\/\/www.linkedin.com\/company\/cristallina-sa\"]},{\"@type\":\"Person\",\"@id\":\"https:\/\/www.cristallinamarmo.ch\/#\/schema\/person\/e6b82b9f318793b59077161cd36b552d\",\"name\":\"Cristallina Marmo\",\"image\":{\"@type\":\"ImageObject\",\"inLanguage\":\"fr-FR\",\"@id\":\"https:\/\/www.cristallinamarmo.ch\/#\/schema\/person\/image\/\",\"url\":\"https:\/\/secure.gravatar.com\/avatar\/09b1a94c32e1afee933104d1a87225466e99e63ee54e1940c201176642e60c34?s=96&d=mm&r=g\",\"contentUrl\":\"https:\/\/secure.gravatar.com\/avatar\/09b1a94c32e1afee933104d1a87225466e99e63ee54e1940c201176642e60c34?s=96&d=mm&r=g\",\"caption\":\"Cristallina Marmo\"},\"sameAs\":[\"https:\/\/www.instagram.com\/cristallinamarmo.ch\/\",\"https:\/\/www.linkedin.com\/company\/cristallinamarmo\/?viewAsMember=true\"],\"url\":\"https:\/\/www.cristallinamarmo.ch\/fr\/author\/cristallina\/\"}]}<\/script>\n<!-- \/ Yoast SEO plugin. -->","yoast_head_json":{"title":"Marbre Cristallina: entre art, sculpture et design contemporain - Cristallina","description":"D\u00e9couvrez comment le marbre Cristallina, extrait de la carri\u00e8re de Peccia en Suisse, devient le protagoniste entre art, sculpture et design contemporain. Du Centre International de Sculpture aux \u0153uvres de Milena Naef jusqu\u2019\u00e0 la nouvelle collection Cristallina Design.","robots":{"index":"index","follow":"follow","max-snippet":"max-snippet:-1","max-image-preview":"max-image-preview:large","max-video-preview":"max-video-preview:-1"},"canonical":"https:\/\/www.cristallinamarmo.ch\/fr\/marbre-cristallina-art-sculpture-design\/","og_locale":"fr_FR","og_type":"article","og_title":"Marbre Cristallina: entre art, sculpture et design contemporain - Cristallina","og_description":"D\u00e9couvrez comment le marbre Cristallina, extrait de la carri\u00e8re de Peccia en Suisse, devient le protagoniste entre art, sculpture et design contemporain. Du Centre International de Sculpture aux \u0153uvres de Milena Naef jusqu\u2019\u00e0 la nouvelle collection Cristallina Design.","og_url":"https:\/\/www.cristallinamarmo.ch\/fr\/marbre-cristallina-art-sculpture-design\/","og_site_name":"Cristallina","article_publisher":"https:\/\/www.facebook.com\/cristallinamarmo","article_published_time":"2025-08-22T12:12:15+00:00","og_image":[{"width":960,"height":1200,"url":"https:\/\/www.cristallinamarmo.ch\/wp-content\/uploads\/2025\/08\/5-960x1200.png","type":"image\/png"}],"author":"Cristallina Marmo","twitter_card":"summary_large_image","twitter_misc":{"\u00c9crit par":"Cristallina Marmo","Dur\u00e9e de lecture estim\u00e9e":"2 minutes"},"schema":{"@context":"https:\/\/schema.org","@graph":[{"@type":"Article","@id":"https:\/\/www.cristallinamarmo.ch\/fr\/marbre-cristallina-art-sculpture-design\/#article","isPartOf":{"@id":"https:\/\/www.cristallinamarmo.ch\/fr\/marbre-cristallina-art-sculpture-design\/"},"author":{"name":"Cristallina Marmo","@id":"https:\/\/www.cristallinamarmo.ch\/#\/schema\/person\/e6b82b9f318793b59077161cd36b552d"},"headline":"Marbre Cristallina: entre art, sculpture et design contemporain","datePublished":"2025-08-22T12:12:15+00:00","dateModified":"2025-08-22T12:12:15+00:00","mainEntityOfPage":{"@id":"https:\/\/www.cristallinamarmo.ch\/fr\/marbre-cristallina-art-sculpture-design\/"},"wordCount":366,"publisher":{"@id":"https:\/\/www.cristallinamarmo.ch\/#organization"},"articleSection":["Journal"],"inLanguage":"fr-FR"},{"@type":"WebPage","@id":"https:\/\/www.cristallinamarmo.ch\/fr\/marbre-cristallina-art-sculpture-design\/","url":"https:\/\/www.cristallinamarmo.ch\/fr\/marbre-cristallina-art-sculpture-design\/","name":"Marbre Cristallina: entre art, sculpture et design contemporain - Cristallina","isPartOf":{"@id":"https:\/\/www.cristallinamarmo.ch\/#website"},"datePublished":"2025-08-22T12:12:15+00:00","dateModified":"2025-08-22T12:12:15+00:00","description":"D\u00e9couvrez comment le marbre Cristallina, extrait de la carri\u00e8re de Peccia en Suisse, devient le protagoniste entre art, sculpture et design contemporain. Du Centre International de Sculpture aux \u0153uvres de Milena Naef jusqu\u2019\u00e0 la nouvelle collection Cristallina Design.","breadcrumb":{"@id":"https:\/\/www.cristallinamarmo.ch\/fr\/marbre-cristallina-art-sculpture-design\/#breadcrumb"},"inLanguage":"fr-FR","potentialAction":[{"@type":"ReadAction","target":["https:\/\/www.cristallinamarmo.ch\/fr\/marbre-cristallina-art-sculpture-design\/"]}]},{"@type":"BreadcrumbList","@id":"https:\/\/www.cristallinamarmo.ch\/fr\/marbre-cristallina-art-sculpture-design\/#breadcrumb","itemListElement":[{"@type":"ListItem","position":1,"name":"Home","item":"https:\/\/www.cristallinamarmo.ch\/fr\/"},{"@type":"ListItem","position":2,"name":"Marbre Cristallina: entre art, sculpture et design contemporain"}]},{"@type":"WebSite","@id":"https:\/\/www.cristallinamarmo.ch\/#website","url":"https:\/\/www.cristallinamarmo.ch\/","name":"Cristallina","description":"The Swiss Marble","publisher":{"@id":"https:\/\/www.cristallinamarmo.ch\/#organization"},"potentialAction":[{"@type":"SearchAction","target":{"@type":"EntryPoint","urlTemplate":"https:\/\/www.cristallinamarmo.ch\/?s={search_term_string}"},"query-input":"required name=search_term_string"}],"inLanguage":"fr-FR"},{"@type":"Organization","@id":"https:\/\/www.cristallinamarmo.ch\/#organization","name":"Cristallina","url":"https:\/\/www.cristallinamarmo.ch\/","logo":{"@type":"ImageObject","inLanguage":"fr-FR","@id":"https:\/\/www.cristallinamarmo.ch\/#\/schema\/logo\/image\/","url":"https:\/\/www.cristallinamarmo.ch\/wp-content\/uploads\/2021\/05\/logo.png","contentUrl":"https:\/\/www.cristallinamarmo.ch\/wp-content\/uploads\/2021\/05\/logo.png","width":500,"height":127,"caption":"Cristallina"},"image":{"@id":"https:\/\/www.cristallinamarmo.ch\/#\/schema\/logo\/image\/"},"sameAs":["https:\/\/www.facebook.com\/cristallinamarmo","https:\/\/www.instagram.com\/cristallina_marmo\/","https:\/\/www.linkedin.com\/company\/cristallina-sa"]},{"@type":"Person","@id":"https:\/\/www.cristallinamarmo.ch\/#\/schema\/person\/e6b82b9f318793b59077161cd36b552d","name":"Cristallina Marmo","image":{"@type":"ImageObject","inLanguage":"fr-FR","@id":"https:\/\/www.cristallinamarmo.ch\/#\/schema\/person\/image\/","url":"https:\/\/secure.gravatar.com\/avatar\/09b1a94c32e1afee933104d1a87225466e99e63ee54e1940c201176642e60c34?s=96&d=mm&r=g","contentUrl":"https:\/\/secure.gravatar.com\/avatar\/09b1a94c32e1afee933104d1a87225466e99e63ee54e1940c201176642e60c34?s=96&d=mm&r=g","caption":"Cristallina Marmo"},"sameAs":["https:\/\/www.instagram.com\/cristallinamarmo.ch\/","https:\/\/www.linkedin.com\/company\/cristallinamarmo\/?viewAsMember=true"],"url":"https:\/\/www.cristallinamarmo.ch\/fr\/author\/cristallina\/"}]}},"_links":{"self":[{"href":"https:\/\/www.cristallinamarmo.ch\/fr\/wp-json\/wp\/v2\/posts\/2730","targetHints":{"allow":["GET"]}}],"collection":[{"href":"https:\/\/www.cristallinamarmo.ch\/fr\/wp-json\/wp\/v2\/posts"}],"about":[{"href":"https:\/\/www.cristallinamarmo.ch\/fr\/wp-json\/wp\/v2\/types\/post"}],"author":[{"embeddable":true,"href":"https:\/\/www.cristallinamarmo.ch\/fr\/wp-json\/wp\/v2\/users\/2"}],"replies":[{"embeddable":true,"href":"https:\/\/www.cristallinamarmo.ch\/fr\/wp-json\/wp\/v2\/comments?post=2730"}],"version-history":[{"count":2,"href":"https:\/\/www.cristallinamarmo.ch\/fr\/wp-json\/wp\/v2\/posts\/2730\/revisions"}],"predecessor-version":[{"id":2732,"href":"https:\/\/www.cristallinamarmo.ch\/fr\/wp-json\/wp\/v2\/posts\/2730\/revisions\/2732"}],"wp:featuredmedia":[{"embeddable":true,"href":"https:\/\/www.cristallinamarmo.ch\/fr\/wp-json\/wp\/v2\/media\/2722"}],"wp:attachment":[{"href":"https:\/\/www.cristallinamarmo.ch\/fr\/wp-json\/wp\/v2\/media?parent=2730"}],"wp:term":[{"taxonomy":"category","embeddable":true,"href":"https:\/\/www.cristallinamarmo.ch\/fr\/wp-json\/wp\/v2\/categories?post=2730"}],"curies":[{"name":"wp","href":"https:\/\/api.w.org\/{rel}","templated":true}]}}