{"id":2782,"date":"2025-10-15T12:29:04","date_gmt":"2025-10-15T10:29:04","guid":{"rendered":"https:\/\/www.cristallinamarmo.ch\/cristallina-marble-bucherer-zurigo\/"},"modified":"2025-10-15T13:54:39","modified_gmt":"2025-10-15T11:54:39","slug":"marbre-cristallina-bucherer-zurich","status":"publish","type":"post","link":"https:\/\/www.cristallinamarmo.ch\/fr\/marbre-cristallina-bucherer-zurich\/","title":{"rendered":"Du marbre Cristallina au Bucherer de Zurich : le parcours vers le design"},"content":{"rendered":"<p data-start=\"419\" data-end=\"579\">Au c\u0153ur de Zurich, sur la Bahnhofstrasse, le <a href=\"https:\/\/www.bucherer.com\/ch\/en\/locations\/switzerland\/zuerich-bahnhofstrasse\"><strong data-start=\"413\" data-end=\"440\">Bucherer Flagship Store<\/strong><\/a>, r\u00e9alis\u00e9 en <strong data-start=\"504\" data-end=\"526\">marbre Cristallina<\/strong>, est une ic\u00f4ne d\u2019\u00e9l\u00e9gance et de pr\u00e9cision suisses.<\/p>\n<p data-start=\"581\" data-end=\"806\">Rev\u00eatu de <strong data-start=\"539\" data-end=\"575\"><a href=\"https:\/\/www.cristallinamarmo.ch\/fr\/marmo\/cristallina-white-venato\/\">ristallina\u00ae White Venato<\/a><\/strong>, avec des d\u00e9tails en <strong data-start=\"642\" data-end=\"670\">C<a href=\"https:\/\/www.cristallinamarmo.ch\/fr\/marmo\/cristallina-blackwhite\/\">Cristallina\u00ae Black&amp;White<\/a><\/strong>, il repr\u00e9sente l\u2019une des collaborations les plus significatives entre <strong data-start=\"741\" data-end=\"759\">Cristallina SA<\/strong> et le monde de l\u2019architecture contemporaine.<\/p>\n<p data-start=\"808\" data-end=\"1080\">Con\u00e7u par les studios <strong data-start=\"830\" data-end=\"858\"><a href=\"https:\/\/www.haratori.ch\/\">Office Haratori<\/a> (Zurich)<\/strong> et <strong data-start=\"862\" data-end=\"891\"><a href=\"https:\/\/www.winhov.nl\/\">Office Winhov<\/a> (Amsterdam)<\/strong>, le projet a \u00e9t\u00e9 r\u00e9compens\u00e9 en <strong data-start=\"923\" data-end=\"931\">2021<\/strong> comme <em data-start=\"938\" data-end=\"985\">\u00ab le plus bel \u00e9difice de la ville de Zurich \u00bb<\/em>, une reconnaissance de son excellence architecturale et de la qualit\u00e9 des mat\u00e9riaux choisis.<\/p>\n<p data-start=\"1087\" data-end=\"1141\"><strong data-start=\"1090\" data-end=\"1141\">De la vision \u00e0 la pose : la m\u00e9thode Cristallina<\/strong><\/p>\n<p data-start=\"1143\" data-end=\"1500\">Derri\u00e8re chaque surface de marbre parfaitement pos\u00e9e se cache une m\u00e9thode, affin\u00e9e par plus de <strong data-start=\"1238\" data-end=\"1262\">130 ans d\u2019exp\u00e9rience<\/strong> et profond\u00e9ment ancr\u00e9e dans le territoire.<br data-start=\"1305\" data-end=\"1308\" \/>Le <strong data-start=\"1311\" data-end=\"1343\">projet du Bucherer de Zurich<\/strong>, r\u00e9alis\u00e9 en <strong data-start=\"1356\" data-end=\"1378\">marbre Cristallina<\/strong>, est le fruit d\u2019un processus qui allie <strong data-start=\"1418\" data-end=\"1497\">vision architecturale, expertise technique et savoir-faire artisanal suisse<\/strong>. Tout commence par la <strong data-start=\"1523\" data-end=\"1543\">vision du projet<\/strong> : comprendre l\u2019intention architecturale, l\u2019atmosph\u00e8re souhait\u00e9e et la mani\u00e8re dont la lumi\u00e8re interagit avec la pierre. Vient ensuite la <strong data-start=\"1683\" data-end=\"1709\">consultation technique<\/strong>, au cours de laquelle notre \u00e9quipe accompagne architectes et ma\u00eetres d\u2019ouvrage dans la d\u00e9finition de chaque d\u00e9tail : \u00e9paisseurs, finitions, tonalit\u00e9s et rendu esth\u00e9tique. De l\u00e0 na\u00eet la <strong data-start=\"1898\" data-end=\"1925\">phase d\u2019\u00e9chantillonnage<\/strong>, durant laquelle nous s\u00e9lectionnons avec soin les \u00e9chantillons et les testons en laboratoire. Chaque dalle est ensuite <strong data-start=\"2047\" data-end=\"2080\">analys\u00e9e, num\u00e9rot\u00e9e et trac\u00e9e<\/strong>, garantissant coh\u00e9rence et tra\u00e7abilit\u00e9 jusqu\u2019\u00e0 la phase de d\u00e9coupe. L\u2019\u00e9tape suivante est la <strong data-start=\"2176\" data-end=\"2202\">mod\u00e9lisation du projet<\/strong> : \u00e0 travers des rendus, des calculs et des maquettes, nous traduisons la vision en plans d\u2019ex\u00e9cution pr\u00e9cis.<br data-start=\"2311\" data-end=\"2314\" \/>La <strong data-start=\"2317\" data-end=\"2340\">s\u00e9lection des blocs<\/strong> se fait directement \u00e0 la carri\u00e8re, au c\u0153ur de la <strong data-start=\"2390\" data-end=\"2410\">vall\u00e9e de Peccia<\/strong>, o\u00f9 le marbre Cristallina est extrait \u00e0 plus de 1 200 m\u00e8tres d\u2019altitude. Enfin, dans notre <strong data-start=\"2505\" data-end=\"2526\">atelier de Biasca<\/strong>, la mati\u00e8re prend forme. Chaque \u00e9l\u00e9ment est <strong data-start=\"2573\" data-end=\"2641\">d\u00e9coup\u00e9, poli, pr\u00e9assembl\u00e9 et test\u00e9 lors d\u2019une pose pr\u00e9liminaire<\/strong>. Ce n\u2019est qu\u2019apr\u00e8s un contr\u00f4le final de pr\u00e9cision que le marbre est <strong data-start=\"2710\" data-end=\"2732\">emball\u00e9 et exp\u00e9di\u00e9<\/strong> pour l\u2019installation d\u00e9finitive. Cette approche compl\u00e8te \u2014 de la consultation initiale \u00e0 la pose sur site \u2014 distingue <strong data-start=\"2853\" data-end=\"2871\">Cristallina SA<\/strong> : bien plus qu\u2019un fournisseur de marbre, <strong data-start=\"2913\" data-end=\"2950\">un v\u00e9ritable partenaire de projet<\/strong>, capable d\u2019accompagner architectes, constructeurs et designers \u00e0 chaque \u00e9tape, jusqu\u2019\u00e0 la r\u00e9alisation parfaite.<\/p>\n<p data-start=\"3071\" data-end=\"3130\"><strong data-start=\"3074\" data-end=\"3130\">Bucherer Zurich : l\u2019\u00e9l\u00e9gance sculpt\u00e9e dans la pierre<\/strong><\/p>\n<p data-start=\"3132\" data-end=\"3516\">La fa\u00e7ade du <strong data-start=\"3145\" data-end=\"3172\">Bucherer Flagship Store<\/strong> se distingue par le rythme g\u00e9om\u00e9trique de ses plaques et par le dialogue constant entre <strong data-start=\"3261\" data-end=\"3283\">lumi\u00e8re et mati\u00e8re<\/strong>.<br data-start=\"3284\" data-end=\"3287\" \/>Chaque <strong data-start=\"3294\" data-end=\"3349\">surface en marbre Cristallina du Bucherer de Zurich<\/strong> a \u00e9t\u00e9 <strong data-start=\"3356\" data-end=\"3424\">soigneusement polie pour obtenir une brillance douce et uniforme<\/strong>, refl\u00e9tant la lumi\u00e8re naturelle et conf\u00e9rant \u00e0 l\u2019\u00e9difice une pr\u00e9sence sculpturale unique.<\/p>\n<p>&nbsp;<\/p>\n","protected":false},"excerpt":{"rendered":"<p>Au c\u0153ur de Zurich, sur la Bahnhofstrasse, le Bucherer Flagship Store, r\u00e9alis\u00e9 en marbre Cristallina, est une ic\u00f4ne d\u2019\u00e9l\u00e9gance et de pr\u00e9cision suisses. Rev\u00eatu de ristallina\u00ae White Venato, avec des d\u00e9tails en CCristallina\u00ae Black&amp;White, il repr\u00e9sente l\u2019une des collaborations les&#8230;<\/p>\n","protected":false},"author":2,"featured_media":2775,"comment_status":"closed","ping_status":"closed","sticky":false,"template":"","format":"standard","meta":{"footnotes":""},"categories":[3],"class_list":["post-2782","post","type-post","status-publish","format-standard","has-post-thumbnail","hentry","category-journal-fr"],"yoast_head":"<!-- This site is optimized with the Yoast SEO plugin v21.2 - https:\/\/yoast.com\/wordpress\/plugins\/seo\/ -->\n<title>Marbre Cristallina Bucherer Zurich \u2013 Du projet au Void Tray<\/title>\n<meta name=\"description\" content=\"u marbre Cristallina Bucherer Zurich au Void Tray : un voyage entre carri\u00e8re, architecture et design suisse raffin\u00e9.\" \/>\n<meta name=\"robots\" content=\"index, follow, max-snippet:-1, max-image-preview:large, max-video-preview:-1\" \/>\n<link rel=\"canonical\" href=\"https:\/\/www.cristallinamarmo.ch\/fr\/marbre-cristallina-bucherer-zurich\/\" \/>\n<meta property=\"og:locale\" content=\"fr_FR\" \/>\n<meta property=\"og:type\" content=\"article\" \/>\n<meta property=\"og:title\" content=\"Marbre Cristallina Bucherer Zurich \u2013 Du projet au Void Tray\" \/>\n<meta property=\"og:description\" content=\"u marbre Cristallina Bucherer Zurich au Void Tray : un voyage entre carri\u00e8re, architecture et design suisse raffin\u00e9.\" \/>\n<meta property=\"og:url\" content=\"https:\/\/www.cristallinamarmo.ch\/fr\/marbre-cristallina-bucherer-zurich\/\" \/>\n<meta property=\"og:site_name\" content=\"Cristallina\" \/>\n<meta property=\"article:publisher\" content=\"https:\/\/www.facebook.com\/cristallinamarmo\" \/>\n<meta property=\"article:published_time\" content=\"2025-10-15T10:29:04+00:00\" \/>\n<meta property=\"article:modified_time\" content=\"2025-10-15T11:54:39+00:00\" \/>\n<meta property=\"og:image\" content=\"https:\/\/www.cristallinamarmo.ch\/wp-content\/uploads\/2025\/10\/brochure-it.jpg\" \/>\n\t<meta property=\"og:image:width\" content=\"2000\" \/>\n\t<meta property=\"og:image:height\" content=\"1426\" \/>\n\t<meta property=\"og:image:type\" content=\"image\/jpeg\" \/>\n<meta name=\"author\" content=\"Cristallina Marmo\" \/>\n<meta name=\"twitter:card\" content=\"summary_large_image\" \/>\n<meta name=\"twitter:label1\" content=\"\u00c9crit par\" \/>\n\t<meta name=\"twitter:data1\" content=\"Cristallina Marmo\" \/>\n\t<meta name=\"twitter:label2\" content=\"Dur\u00e9e de lecture estim\u00e9e\" \/>\n\t<meta name=\"twitter:data2\" content=\"3 minutes\" \/>\n<script type=\"application\/ld+json\" class=\"yoast-schema-graph\">{\"@context\":\"https:\/\/schema.org\",\"@graph\":[{\"@type\":\"Article\",\"@id\":\"https:\/\/www.cristallinamarmo.ch\/fr\/marbre-cristallina-bucherer-zurich\/#article\",\"isPartOf\":{\"@id\":\"https:\/\/www.cristallinamarmo.ch\/fr\/marbre-cristallina-bucherer-zurich\/\"},\"author\":{\"name\":\"Cristallina Marmo\",\"@id\":\"https:\/\/www.cristallinamarmo.ch\/#\/schema\/person\/e6b82b9f318793b59077161cd36b552d\"},\"headline\":\"Du marbre Cristallina au Bucherer de Zurich : le parcours vers le design\",\"datePublished\":\"2025-10-15T10:29:04+00:00\",\"dateModified\":\"2025-10-15T11:54:39+00:00\",\"mainEntityOfPage\":{\"@id\":\"https:\/\/www.cristallinamarmo.ch\/fr\/marbre-cristallina-bucherer-zurich\/\"},\"wordCount\":526,\"publisher\":{\"@id\":\"https:\/\/www.cristallinamarmo.ch\/#organization\"},\"articleSection\":[\"Journal\"],\"inLanguage\":\"fr-FR\"},{\"@type\":\"WebPage\",\"@id\":\"https:\/\/www.cristallinamarmo.ch\/fr\/marbre-cristallina-bucherer-zurich\/\",\"url\":\"https:\/\/www.cristallinamarmo.ch\/fr\/marbre-cristallina-bucherer-zurich\/\",\"name\":\"Marbre Cristallina Bucherer Zurich \u2013 Du projet au Void Tray\",\"isPartOf\":{\"@id\":\"https:\/\/www.cristallinamarmo.ch\/#website\"},\"datePublished\":\"2025-10-15T10:29:04+00:00\",\"dateModified\":\"2025-10-15T11:54:39+00:00\",\"description\":\"u marbre Cristallina Bucherer Zurich au Void Tray : un voyage entre carri\u00e8re, architecture et design suisse raffin\u00e9.\",\"breadcrumb\":{\"@id\":\"https:\/\/www.cristallinamarmo.ch\/fr\/marbre-cristallina-bucherer-zurich\/#breadcrumb\"},\"inLanguage\":\"fr-FR\",\"potentialAction\":[{\"@type\":\"ReadAction\",\"target\":[\"https:\/\/www.cristallinamarmo.ch\/fr\/marbre-cristallina-bucherer-zurich\/\"]}]},{\"@type\":\"BreadcrumbList\",\"@id\":\"https:\/\/www.cristallinamarmo.ch\/fr\/marbre-cristallina-bucherer-zurich\/#breadcrumb\",\"itemListElement\":[{\"@type\":\"ListItem\",\"position\":1,\"name\":\"Home\",\"item\":\"https:\/\/www.cristallinamarmo.ch\/fr\/\"},{\"@type\":\"ListItem\",\"position\":2,\"name\":\"Du marbre Cristallina au Bucherer de Zurich : le parcours vers le design\"}]},{\"@type\":\"WebSite\",\"@id\":\"https:\/\/www.cristallinamarmo.ch\/#website\",\"url\":\"https:\/\/www.cristallinamarmo.ch\/\",\"name\":\"Cristallina\",\"description\":\"The Swiss Marble\",\"publisher\":{\"@id\":\"https:\/\/www.cristallinamarmo.ch\/#organization\"},\"potentialAction\":[{\"@type\":\"SearchAction\",\"target\":{\"@type\":\"EntryPoint\",\"urlTemplate\":\"https:\/\/www.cristallinamarmo.ch\/?s={search_term_string}\"},\"query-input\":\"required name=search_term_string\"}],\"inLanguage\":\"fr-FR\"},{\"@type\":\"Organization\",\"@id\":\"https:\/\/www.cristallinamarmo.ch\/#organization\",\"name\":\"Cristallina\",\"url\":\"https:\/\/www.cristallinamarmo.ch\/\",\"logo\":{\"@type\":\"ImageObject\",\"inLanguage\":\"fr-FR\",\"@id\":\"https:\/\/www.cristallinamarmo.ch\/#\/schema\/logo\/image\/\",\"url\":\"https:\/\/www.cristallinamarmo.ch\/wp-content\/uploads\/2021\/05\/logo.png\",\"contentUrl\":\"https:\/\/www.cristallinamarmo.ch\/wp-content\/uploads\/2021\/05\/logo.png\",\"width\":500,\"height\":127,\"caption\":\"Cristallina\"},\"image\":{\"@id\":\"https:\/\/www.cristallinamarmo.ch\/#\/schema\/logo\/image\/\"},\"sameAs\":[\"https:\/\/www.facebook.com\/cristallinamarmo\",\"https:\/\/www.instagram.com\/cristallina_marmo\/\",\"https:\/\/www.linkedin.com\/company\/cristallina-sa\"]},{\"@type\":\"Person\",\"@id\":\"https:\/\/www.cristallinamarmo.ch\/#\/schema\/person\/e6b82b9f318793b59077161cd36b552d\",\"name\":\"Cristallina Marmo\",\"image\":{\"@type\":\"ImageObject\",\"inLanguage\":\"fr-FR\",\"@id\":\"https:\/\/www.cristallinamarmo.ch\/#\/schema\/person\/image\/\",\"url\":\"https:\/\/secure.gravatar.com\/avatar\/09b1a94c32e1afee933104d1a87225466e99e63ee54e1940c201176642e60c34?s=96&d=mm&r=g\",\"contentUrl\":\"https:\/\/secure.gravatar.com\/avatar\/09b1a94c32e1afee933104d1a87225466e99e63ee54e1940c201176642e60c34?s=96&d=mm&r=g\",\"caption\":\"Cristallina Marmo\"},\"sameAs\":[\"https:\/\/www.instagram.com\/cristallinamarmo.ch\/\",\"https:\/\/www.linkedin.com\/company\/cristallinamarmo\/?viewAsMember=true\"],\"url\":\"https:\/\/www.cristallinamarmo.ch\/fr\/author\/cristallina\/\"}]}<\/script>\n<!-- \/ Yoast SEO plugin. -->","yoast_head_json":{"title":"Marbre Cristallina Bucherer Zurich \u2013 Du projet au Void Tray","description":"u marbre Cristallina Bucherer Zurich au Void Tray : un voyage entre carri\u00e8re, architecture et design suisse raffin\u00e9.","robots":{"index":"index","follow":"follow","max-snippet":"max-snippet:-1","max-image-preview":"max-image-preview:large","max-video-preview":"max-video-preview:-1"},"canonical":"https:\/\/www.cristallinamarmo.ch\/fr\/marbre-cristallina-bucherer-zurich\/","og_locale":"fr_FR","og_type":"article","og_title":"Marbre Cristallina Bucherer Zurich \u2013 Du projet au Void Tray","og_description":"u marbre Cristallina Bucherer Zurich au Void Tray : un voyage entre carri\u00e8re, architecture et design suisse raffin\u00e9.","og_url":"https:\/\/www.cristallinamarmo.ch\/fr\/marbre-cristallina-bucherer-zurich\/","og_site_name":"Cristallina","article_publisher":"https:\/\/www.facebook.com\/cristallinamarmo","article_published_time":"2025-10-15T10:29:04+00:00","article_modified_time":"2025-10-15T11:54:39+00:00","og_image":[{"width":2000,"height":1426,"url":"https:\/\/www.cristallinamarmo.ch\/wp-content\/uploads\/2025\/10\/brochure-it.jpg","type":"image\/jpeg"}],"author":"Cristallina Marmo","twitter_card":"summary_large_image","twitter_misc":{"\u00c9crit par":"Cristallina Marmo","Dur\u00e9e de lecture estim\u00e9e":"3 minutes"},"schema":{"@context":"https:\/\/schema.org","@graph":[{"@type":"Article","@id":"https:\/\/www.cristallinamarmo.ch\/fr\/marbre-cristallina-bucherer-zurich\/#article","isPartOf":{"@id":"https:\/\/www.cristallinamarmo.ch\/fr\/marbre-cristallina-bucherer-zurich\/"},"author":{"name":"Cristallina Marmo","@id":"https:\/\/www.cristallinamarmo.ch\/#\/schema\/person\/e6b82b9f318793b59077161cd36b552d"},"headline":"Du marbre Cristallina au Bucherer de Zurich : le parcours vers le design","datePublished":"2025-10-15T10:29:04+00:00","dateModified":"2025-10-15T11:54:39+00:00","mainEntityOfPage":{"@id":"https:\/\/www.cristallinamarmo.ch\/fr\/marbre-cristallina-bucherer-zurich\/"},"wordCount":526,"publisher":{"@id":"https:\/\/www.cristallinamarmo.ch\/#organization"},"articleSection":["Journal"],"inLanguage":"fr-FR"},{"@type":"WebPage","@id":"https:\/\/www.cristallinamarmo.ch\/fr\/marbre-cristallina-bucherer-zurich\/","url":"https:\/\/www.cristallinamarmo.ch\/fr\/marbre-cristallina-bucherer-zurich\/","name":"Marbre Cristallina Bucherer Zurich \u2013 Du projet au Void Tray","isPartOf":{"@id":"https:\/\/www.cristallinamarmo.ch\/#website"},"datePublished":"2025-10-15T10:29:04+00:00","dateModified":"2025-10-15T11:54:39+00:00","description":"u marbre Cristallina Bucherer Zurich au Void Tray : un voyage entre carri\u00e8re, architecture et design suisse raffin\u00e9.","breadcrumb":{"@id":"https:\/\/www.cristallinamarmo.ch\/fr\/marbre-cristallina-bucherer-zurich\/#breadcrumb"},"inLanguage":"fr-FR","potentialAction":[{"@type":"ReadAction","target":["https:\/\/www.cristallinamarmo.ch\/fr\/marbre-cristallina-bucherer-zurich\/"]}]},{"@type":"BreadcrumbList","@id":"https:\/\/www.cristallinamarmo.ch\/fr\/marbre-cristallina-bucherer-zurich\/#breadcrumb","itemListElement":[{"@type":"ListItem","position":1,"name":"Home","item":"https:\/\/www.cristallinamarmo.ch\/fr\/"},{"@type":"ListItem","position":2,"name":"Du marbre Cristallina au Bucherer de Zurich : le parcours vers le design"}]},{"@type":"WebSite","@id":"https:\/\/www.cristallinamarmo.ch\/#website","url":"https:\/\/www.cristallinamarmo.ch\/","name":"Cristallina","description":"The Swiss Marble","publisher":{"@id":"https:\/\/www.cristallinamarmo.ch\/#organization"},"potentialAction":[{"@type":"SearchAction","target":{"@type":"EntryPoint","urlTemplate":"https:\/\/www.cristallinamarmo.ch\/?s={search_term_string}"},"query-input":"required name=search_term_string"}],"inLanguage":"fr-FR"},{"@type":"Organization","@id":"https:\/\/www.cristallinamarmo.ch\/#organization","name":"Cristallina","url":"https:\/\/www.cristallinamarmo.ch\/","logo":{"@type":"ImageObject","inLanguage":"fr-FR","@id":"https:\/\/www.cristallinamarmo.ch\/#\/schema\/logo\/image\/","url":"https:\/\/www.cristallinamarmo.ch\/wp-content\/uploads\/2021\/05\/logo.png","contentUrl":"https:\/\/www.cristallinamarmo.ch\/wp-content\/uploads\/2021\/05\/logo.png","width":500,"height":127,"caption":"Cristallina"},"image":{"@id":"https:\/\/www.cristallinamarmo.ch\/#\/schema\/logo\/image\/"},"sameAs":["https:\/\/www.facebook.com\/cristallinamarmo","https:\/\/www.instagram.com\/cristallina_marmo\/","https:\/\/www.linkedin.com\/company\/cristallina-sa"]},{"@type":"Person","@id":"https:\/\/www.cristallinamarmo.ch\/#\/schema\/person\/e6b82b9f318793b59077161cd36b552d","name":"Cristallina Marmo","image":{"@type":"ImageObject","inLanguage":"fr-FR","@id":"https:\/\/www.cristallinamarmo.ch\/#\/schema\/person\/image\/","url":"https:\/\/secure.gravatar.com\/avatar\/09b1a94c32e1afee933104d1a87225466e99e63ee54e1940c201176642e60c34?s=96&d=mm&r=g","contentUrl":"https:\/\/secure.gravatar.com\/avatar\/09b1a94c32e1afee933104d1a87225466e99e63ee54e1940c201176642e60c34?s=96&d=mm&r=g","caption":"Cristallina Marmo"},"sameAs":["https:\/\/www.instagram.com\/cristallinamarmo.ch\/","https:\/\/www.linkedin.com\/company\/cristallinamarmo\/?viewAsMember=true"],"url":"https:\/\/www.cristallinamarmo.ch\/fr\/author\/cristallina\/"}]}},"_links":{"self":[{"href":"https:\/\/www.cristallinamarmo.ch\/fr\/wp-json\/wp\/v2\/posts\/2782","targetHints":{"allow":["GET"]}}],"collection":[{"href":"https:\/\/www.cristallinamarmo.ch\/fr\/wp-json\/wp\/v2\/posts"}],"about":[{"href":"https:\/\/www.cristallinamarmo.ch\/fr\/wp-json\/wp\/v2\/types\/post"}],"author":[{"embeddable":true,"href":"https:\/\/www.cristallinamarmo.ch\/fr\/wp-json\/wp\/v2\/users\/2"}],"replies":[{"embeddable":true,"href":"https:\/\/www.cristallinamarmo.ch\/fr\/wp-json\/wp\/v2\/comments?post=2782"}],"version-history":[{"count":3,"href":"https:\/\/www.cristallinamarmo.ch\/fr\/wp-json\/wp\/v2\/posts\/2782\/revisions"}],"predecessor-version":[{"id":2788,"href":"https:\/\/www.cristallinamarmo.ch\/fr\/wp-json\/wp\/v2\/posts\/2782\/revisions\/2788"}],"wp:featuredmedia":[{"embeddable":true,"href":"https:\/\/www.cristallinamarmo.ch\/fr\/wp-json\/wp\/v2\/media\/2775"}],"wp:attachment":[{"href":"https:\/\/www.cristallinamarmo.ch\/fr\/wp-json\/wp\/v2\/media?parent=2782"}],"wp:term":[{"taxonomy":"category","embeddable":true,"href":"https:\/\/www.cristallinamarmo.ch\/fr\/wp-json\/wp\/v2\/categories?post=2782"}],"curies":[{"name":"wp","href":"https:\/\/api.w.org\/{rel}","templated":true}]}}